{"id":962,"date":"2016-04-21T09:00:43","date_gmt":"2016-04-21T07:00:43","guid":{"rendered":"http:\/\/xd.gdu.edu.az\/?p=962"},"modified":"2016-04-22T09:22:45","modified_gmt":"2016-04-22T07:22:45","slug":"yap-v%c9%99siq%c9%99l%c9%99rini-t%c9%99qdim-etdi","status":"publish","type":"post","link":"https:\/\/xdf.gdu.edu.az\/?p=962","title":{"rendered":"YAP-v\u0259siq\u0259l\u0259rini t\u0259qdim etdi"},"content":{"rendered":"<p style=\"text-align: center;\"><a href=\"http:\/\/xd.gdu.edu.az\/wp-content\/uploads\/2016\/04\/IMG-20160421-WA0014.jpg\"><img loading=\"lazy\" decoding=\"async\" class=\"size-full wp-image-963 alignleft\" src=\"http:\/\/xd.gdu.edu.az\/wp-content\/uploads\/2016\/04\/IMG-20160421-WA0014.jpg\" alt=\"IMG-20160421-WA0014\" width=\"429\" height=\"274\" srcset=\"https:\/\/xdf.gdu.edu.az\/wp-content\/uploads\/2016\/04\/IMG-20160421-WA0014.jpg 429w, https:\/\/xdf.gdu.edu.az\/wp-content\/uploads\/2016\/04\/IMG-20160421-WA0014-300x192.jpg 300w\" sizes=\"auto, (max-width: 429px) 100vw, 429px\" \/><\/a><\/p>\n<p style=\"text-align: center;\">\u00a0\u00a0\u00a0\u00a0\u00a0\u00a0\u00a0 GDU-nun Xarici Dill\u0259r fak\u00fclt\u0259sinin t\u0259l\u0259b\u0259l\u0259ri Ulu \u00f6nd\u0259r Heyd\u0259r \u018fliyevin anadan olmas\u0131n\u0131n 93-c\u00fc ild\u00f6n\u00fcm\u00fc m\u00fcnasib\u0259til\u0259 t\u0259dbir ke\u00e7irildi. T\u0259dbird\u0259 G\u0259nc\u0259 \u015f\u0259h\u0259r Yeni Az\u0259rbaycan Partiyas\u0131n\u0131n n\u00fcmay\u0259nd\u0259si Cabir M\u0259mm\u0259dov, GDU YAP GB-nin s\u0259dri Elmir Ba\u011f\u0131rov, universitetin m\u00fc\u0259llim v\u0259 t\u0259l\u0259b\u0259l\u0259ri i\u015ftirak edibl\u0259r. T\u0259dbird\u0259 \u00e7\u0131x\u0131\u015f ed\u0259nl\u0259r Az\u0259rbaycan d\u00f6vl\u0259tinin g\u0259ncl\u0259r\u0259 g\u00f6st\u0259rdiyi diqq\u0259t v\u0259 qay\u011f\u0131dan, ulu \u00f6nd\u0259r H.\u018fliyevin t\u0259m\u0259lini qoydu\u011fu d\u00f6vl\u0259tin, g\u0259ncl\u0259r siyas\u0259tinin Prezident \u0130lham \u018fliyev t\u0259r\u0259find\u0259n u\u011furla davam etdirilm\u0259sind\u0259n, \u00f6lk\u0259mizin sosial-iqtisadi, ictimai-m\u0259d\u0259ni, el\u0259c\u0259 d\u0259 idman h\u0259yat\u0131nda g\u0259ncl\u0259rin rolundan dan\u0131\u015f\u0131blar. Daha sonra H.\u018fliyevl\u0259 ba\u011fl\u0131 video\u00e7arx n\u00fcmayi\u015f olunub, eyni zamanda \u015feirl\u0259r s\u0259sl\u0259ndirilib. Sonda YAP-\u0131n s\u0131ralar\u0131na yeni q\u0259bul olunan g\u0259ncl\u0259r\u0259 \u00fczvl\u00fck v\u0259siq\u0259si t\u0259qdim edilib v\u0259 xatir\u0259 \u015f\u0259kli \u00e7\u0259kilib.<\/p>\n<p style=\"text-align: center;\">\n<p style=\"text-align: center;\"><a href=\"http:\/\/xd.gdu.edu.az\/wp-content\/uploads\/2016\/04\/IMG-20160421-WA0012.jpg\"><img loading=\"lazy\" decoding=\"async\" class=\"alignnone size-full wp-image-964\" src=\"http:\/\/xd.gdu.edu.az\/wp-content\/uploads\/2016\/04\/IMG-20160421-WA0012.jpg\" alt=\"IMG-20160421-WA0012\" width=\"448\" height=\"299\" srcset=\"https:\/\/xdf.gdu.edu.az\/wp-content\/uploads\/2016\/04\/IMG-20160421-WA0012.jpg 448w, https:\/\/xdf.gdu.edu.az\/wp-content\/uploads\/2016\/04\/IMG-20160421-WA0012-300x200.jpg 300w, https:\/\/xdf.gdu.edu.az\/wp-content\/uploads\/2016\/04\/IMG-20160421-WA0012-320x213.jpg 320w, https:\/\/xdf.gdu.edu.az\/wp-content\/uploads\/2016\/04\/IMG-20160421-WA0012-240x160.jpg 240w\" sizes=\"auto, (max-width: 448px) 100vw, 448px\" \/><\/a><\/p>\n<p>&nbsp;<\/p>\n","protected":false},"excerpt":{"rendered":"<p>\u00a0\u00a0\u00a0\u00a0\u00a0\u00a0\u00a0 GDU-nun Xarici Dill\u0259r fak\u00fclt\u0259sinin t\u0259l\u0259b\u0259l\u0259ri Ulu \u00f6nd\u0259r Heyd\u0259r \u018fliyevin anadan olmas\u0131n\u0131n 93-c\u00fc ild\u00f6n\u00fcm\u00fc m\u00fcnasib\u0259til\u0259 t\u0259dbir ke\u00e7irildi. T\u0259dbird\u0259 G\u0259nc\u0259 \u015f\u0259h\u0259r Yeni Az\u0259rbaycan Partiyas\u0131n\u0131n n\u00fcmay\u0259nd\u0259si Cabir M\u0259mm\u0259dov, GDU YAP GB-nin s\u0259dri Elmir Ba\u011f\u0131rov, universitetin m\u00fc\u0259llim v\u0259 t\u0259l\u0259b\u0259l\u0259ri i\u015ftirak edibl\u0259r. T\u0259dbird\u0259 \u00e7\u0131x\u0131\u015f ed\u0259nl\u0259r Az\u0259rbaycan d\u00f6vl\u0259tinin g\u0259ncl\u0259r\u0259 g\u00f6st\u0259rdiyi diqq\u0259t v\u0259 qay\u011f\u0131dan, ulu \u00f6nd\u0259r H.\u018fliyevin t\u0259m\u0259lini qoydu\u011fu d\u00f6vl\u0259tin, g\u0259ncl\u0259r [&hellip;]<\/p>\n","protected":false},"author":4,"featured_media":0,"comment_status":"open","ping_status":"open","sticky":false,"template":"","format":"standard","meta":{"footnotes":""},"categories":[1],"tags":[],"class_list":["post-962","post","type-post","status-publish","format-standard","hentry","category-sas"],"_links":{"self":[{"href":"https:\/\/xdf.gdu.edu.az\/index.php?rest_route=\/wp\/v2\/posts\/962","targetHints":{"allow":["GET"]}}],"collection":[{"href":"https:\/\/xdf.gdu.edu.az\/index.php?rest_route=\/wp\/v2\/posts"}],"about":[{"href":"https:\/\/xdf.gdu.edu.az\/index.php?rest_route=\/wp\/v2\/types\/post"}],"author":[{"embeddable":true,"href":"https:\/\/xdf.gdu.edu.az\/index.php?rest_route=\/wp\/v2\/users\/4"}],"replies":[{"embeddable":true,"href":"https:\/\/xdf.gdu.edu.az\/index.php?rest_route=%2Fwp%2Fv2%2Fcomments&post=962"}],"version-history":[{"count":1,"href":"https:\/\/xdf.gdu.edu.az\/index.php?rest_route=\/wp\/v2\/posts\/962\/revisions"}],"predecessor-version":[{"id":965,"href":"https:\/\/xdf.gdu.edu.az\/index.php?rest_route=\/wp\/v2\/posts\/962\/revisions\/965"}],"wp:attachment":[{"href":"https:\/\/xdf.gdu.edu.az\/index.php?rest_route=%2Fwp%2Fv2%2Fmedia&parent=962"}],"wp:term":[{"taxonomy":"category","embeddable":true,"href":"https:\/\/xdf.gdu.edu.az\/index.php?rest_route=%2Fwp%2Fv2%2Fcategories&post=962"},{"taxonomy":"post_tag","embeddable":true,"href":"https:\/\/xdf.gdu.edu.az\/index.php?rest_route=%2Fwp%2Fv2%2Ftags&post=962"}],"curies":[{"name":"wp","href":"https:\/\/api.w.org\/{rel}","templated":true}]}}