{"id":9278,"date":"2022-05-05T18:14:51","date_gmt":"2022-05-05T16:14:51","guid":{"rendered":"http:\/\/xdf.gdu.edu.az\/?p=9278"},"modified":"2022-05-05T22:36:54","modified_gmt":"2022-05-05T20:36:54","slug":"praktik-xarici-dill%c9%99r-kafedrasinin-mu%c9%99lliml%c9%99ri-aztu-nun-konfransinda-cixis-etmisdirl%c9%99r","status":"publish","type":"post","link":"https:\/\/xdf.gdu.edu.az\/?p=9278","title":{"rendered":"praktik xarici dill\u0259r kafedras\u0131n\u0131n m\u00fc\u0259lliml\u0259ri aztu-nun konfrans\u0131nda \u00e7\u0131x\u0131\u015f etmi\u015fdirl\u0259r"},"content":{"rendered":"\n<p>05.05.2022-il tarixd\u0259 Praktik xarici dill\u0259r kafedras\u0131n\u0131n m\u00fc\u0259lliml\u0259ri Nuriyeva Aysel Yusif q\u0131z\u0131 \u201cDini dil\u0259 metaforik yana\u015fma\u201d adl\u0131 m\u0259qal\u0259 v\u0259 Aslanoa F\u0259rid\u0259 Razim q\u0131z\u0131 \u201cM\u0259tnd\u0259 yar\u0131m\u00e7\u0131q c\u00fcml\u0259l\u0259ri bir-birin\u0259 ba\u011flayan vasit\u0259l\u0259r\u201d adl\u0131 tezisl\u0259 Az\u0259rbaycan Texniki Universitetind\u0259 Az\u0259rbaycan xalq\u0131n\u0131n \u00fcmummilli lideri Heyd\u0259r \u018fliyevin anadan olmas\u0131n\u0131n 99-cu ild\u00f6n\u00fcm\u00fcn\u0259 h\u0259sr olunmu\u015f t\u0259l\u0259b\u0259 v\u0259 g\u0259nc t\u0259dqiqat\u00e7\u0131lar\u0131n \u201cG\u0259ncl\u0259r v\u0259 elmi innovasiyalar\u201d m\u00f6vzusunda Respublika elmi-texniki konfrans\u0131nda i\u015ftirak etmi\u015fdirl\u0259r. <\/p>\n\n\n\n<figure class=\"wp-block-gallery columns-1 is-cropped wp-block-gallery-1 is-layout-flex wp-block-gallery-is-layout-flex\"><ul class=\"blocks-gallery-grid\"><li class=\"blocks-gallery-item\"><figure><img loading=\"lazy\" decoding=\"async\" width=\"640\" height=\"288\" src=\"http:\/\/xdf.gdu.edu.az\/wp-content\/uploads\/2022\/05\/20220505_104856.jpg\" alt=\"\" data-id=\"9279\" data-full-url=\"http:\/\/xdf.gdu.edu.az\/wp-content\/uploads\/2022\/05\/20220505_104856.jpg\" data-link=\"http:\/\/xdf.gdu.edu.az\/?attachment_id=9279#main\" class=\"wp-image-9279\"\/><\/figure><\/li><li class=\"blocks-gallery-item\"><figure><img loading=\"lazy\" decoding=\"async\" width=\"640\" height=\"288\" src=\"http:\/\/xdf.gdu.edu.az\/wp-content\/uploads\/2022\/05\/20220505_104923.jpg\" alt=\"\" data-id=\"9280\" data-full-url=\"http:\/\/xdf.gdu.edu.az\/wp-content\/uploads\/2022\/05\/20220505_104923.jpg\" data-link=\"http:\/\/xdf.gdu.edu.az\/?attachment_id=9280#main\" class=\"wp-image-9280\"\/><\/figure><\/li><li class=\"blocks-gallery-item\"><figure><img loading=\"lazy\" decoding=\"async\" width=\"512\" height=\"288\" src=\"http:\/\/xdf.gdu.edu.az\/wp-content\/uploads\/2022\/05\/20220505_104943.jpg\" alt=\"\" data-id=\"9281\" data-full-url=\"http:\/\/xdf.gdu.edu.az\/wp-content\/uploads\/2022\/05\/20220505_104943.jpg\" data-link=\"http:\/\/xdf.gdu.edu.az\/?attachment_id=9281#main\" class=\"wp-image-9281\"\/><\/figure><\/li><\/ul><\/figure>\n","protected":false},"excerpt":{"rendered":"<p>05.05.2022-il tarixd\u0259 Praktik xarici dill\u0259r kafedras\u0131n\u0131n m\u00fc\u0259lliml\u0259ri Nuriyeva Aysel Yusif q\u0131z\u0131 \u201cDini dil\u0259 metaforik yana\u015fma\u201d adl\u0131 m\u0259qal\u0259 v\u0259 Aslanoa F\u0259rid\u0259 Razim q\u0131z\u0131 \u201cM\u0259tnd\u0259 yar\u0131m\u00e7\u0131q c\u00fcml\u0259l\u0259ri bir-birin\u0259 ba\u011flayan vasit\u0259l\u0259r\u201d adl\u0131 tezisl\u0259 Az\u0259rbaycan Texniki Universitetind\u0259 Az\u0259rbaycan xalq\u0131n\u0131n \u00fcmummilli lideri Heyd\u0259r \u018fliyevin anadan olmas\u0131n\u0131n 99-cu ild\u00f6n\u00fcm\u00fcn\u0259 h\u0259sr olunmu\u015f t\u0259l\u0259b\u0259 v\u0259 g\u0259nc t\u0259dqiqat\u00e7\u0131lar\u0131n \u201cG\u0259ncl\u0259r v\u0259 elmi innovasiyalar\u201d m\u00f6vzusunda Respublika [&hellip;]<\/p>\n","protected":false},"author":4,"featured_media":9280,"comment_status":"closed","ping_status":"open","sticky":false,"template":"","format":"standard","meta":{"footnotes":""},"categories":[3],"tags":[],"class_list":["post-9278","post","type-post","status-publish","format-standard","has-post-thumbnail","hentry","category-xbrlr"],"_links":{"self":[{"href":"https:\/\/xdf.gdu.edu.az\/index.php?rest_route=\/wp\/v2\/posts\/9278","targetHints":{"allow":["GET"]}}],"collection":[{"href":"https:\/\/xdf.gdu.edu.az\/index.php?rest_route=\/wp\/v2\/posts"}],"about":[{"href":"https:\/\/xdf.gdu.edu.az\/index.php?rest_route=\/wp\/v2\/types\/post"}],"author":[{"embeddable":true,"href":"https:\/\/xdf.gdu.edu.az\/index.php?rest_route=\/wp\/v2\/users\/4"}],"replies":[{"embeddable":true,"href":"https:\/\/xdf.gdu.edu.az\/index.php?rest_route=%2Fwp%2Fv2%2Fcomments&post=9278"}],"version-history":[{"count":3,"href":"https:\/\/xdf.gdu.edu.az\/index.php?rest_route=\/wp\/v2\/posts\/9278\/revisions"}],"predecessor-version":[{"id":9286,"href":"https:\/\/xdf.gdu.edu.az\/index.php?rest_route=\/wp\/v2\/posts\/9278\/revisions\/9286"}],"wp:featuredmedia":[{"embeddable":true,"href":"https:\/\/xdf.gdu.edu.az\/index.php?rest_route=\/wp\/v2\/media\/9280"}],"wp:attachment":[{"href":"https:\/\/xdf.gdu.edu.az\/index.php?rest_route=%2Fwp%2Fv2%2Fmedia&parent=9278"}],"wp:term":[{"taxonomy":"category","embeddable":true,"href":"https:\/\/xdf.gdu.edu.az\/index.php?rest_route=%2Fwp%2Fv2%2Fcategories&post=9278"},{"taxonomy":"post_tag","embeddable":true,"href":"https:\/\/xdf.gdu.edu.az\/index.php?rest_route=%2Fwp%2Fv2%2Ftags&post=9278"}],"curies":[{"name":"wp","href":"https:\/\/api.w.org\/{rel}","templated":true}]}}