{"id":5746,"date":"2018-12-12T11:00:49","date_gmt":"2018-12-12T09:00:49","guid":{"rendered":"http:\/\/xd.gdu.edu.az\/?p=5746"},"modified":"2018-12-12T11:04:15","modified_gmt":"2018-12-12T09:04:15","slug":"umummilli-lider-heyd%c9%99r-%c9%99liyevin-v%c9%99fatindan-15-il-otur","status":"publish","type":"post","link":"https:\/\/xdf.gdu.edu.az\/?p=5746","title":{"rendered":"\u00dcmummilli lider Heyd\u0259r \u018fliyevin v\u0259fat\u0131ndan 15 il \u00f6t\u00fcr"},"content":{"rendered":"<p style=\"text-align: center;\"><a href=\"http:\/\/xd.gdu.edu.az\/wp-content\/uploads\/2018\/12\/1509779238_14628862546026561401_1000x669.jpg\"><img loading=\"lazy\" decoding=\"async\" class=\"wp-image-5750 size-full aligncenter\" src=\"http:\/\/xd.gdu.edu.az\/wp-content\/uploads\/2018\/12\/1509779238_14628862546026561401_1000x669.jpg\" alt=\"1509779238_14628862546026561401_1000x669\" width=\"894\" height=\"669\" srcset=\"https:\/\/xdf.gdu.edu.az\/wp-content\/uploads\/2018\/12\/1509779238_14628862546026561401_1000x669.jpg 894w, https:\/\/xdf.gdu.edu.az\/wp-content\/uploads\/2018\/12\/1509779238_14628862546026561401_1000x669-300x224.jpg 300w, https:\/\/xdf.gdu.edu.az\/wp-content\/uploads\/2018\/12\/1509779238_14628862546026561401_1000x669-480x360.jpg 480w, https:\/\/xdf.gdu.edu.az\/wp-content\/uploads\/2018\/12\/1509779238_14628862546026561401_1000x669-320x240.jpg 320w, https:\/\/xdf.gdu.edu.az\/wp-content\/uploads\/2018\/12\/1509779238_14628862546026561401_1000x669-240x180.jpg 240w\" sizes=\"auto, (max-width: 894px) 100vw, 894px\" \/><\/a><\/p>\n<p style=\"text-align: left;\">Heyd\u0259r \u018flirza o\u011flu \u018fliyev 1923-c\u00fc il may\u0131n 10-da Az\u0259rbaycan\u0131n Nax\u00e7\u0131van \u015f\u0259h\u0259rind\u0259 anadan olub. 1939-cu ild\u0259 Nax\u00e7\u0131van Pedaqoji Texnikumunu bitirdikd\u0259n sonra Az\u0259rbaycan S\u0259naye \u0130nstitutunun (indiki Az\u0259rbaycan D\u00f6vl\u0259t Neft Akademiyas\u0131) memarl\u0131q fak\u00fclt\u0259sind\u0259 t\u0259hsil al\u0131b.<a href=\"http:\/\/xd.gdu.edu.az\/wp-content\/uploads\/2018\/12\/Young_Heydar_Aliyev.jpg\"><img loading=\"lazy\" decoding=\"async\" class=\"size-full wp-image-5747 alignright\" src=\"http:\/\/xd.gdu.edu.az\/wp-content\/uploads\/2018\/12\/Young_Heydar_Aliyev.jpg\" alt=\"Young_Heydar_Aliyev\" width=\"198\" height=\"198\" srcset=\"https:\/\/xdf.gdu.edu.az\/wp-content\/uploads\/2018\/12\/Young_Heydar_Aliyev.jpg 198w, https:\/\/xdf.gdu.edu.az\/wp-content\/uploads\/2018\/12\/Young_Heydar_Aliyev-150x150.jpg 150w\" sizes=\"auto, (max-width: 198px) 100vw, 198px\" \/><\/a><\/p>\n<p>&nbsp;<\/p>\n<p>T\u0259hl\u00fck\u0259sizlik orqanlar\u0131 sistemind\u0259 \u00e7al\u0131\u015fan Heyd\u0259r \u018fliyev 1964-c\u00fc ild\u0259n Az\u0259rbaycan SSR Nazirl\u0259r Soveti yan\u0131nda D\u00f6vl\u0259t<\/p>\n<p style=\"text-align: left;\">T\u0259hl\u00fck\u0259sizliyi Komit\u0259si s\u0259drinin m\u00fcavini, 1967-ci ild\u0259n is\u0259 s\u0259dri v\u0259zif\u0259sind\u0259 i\u015fl\u0259yib, general-mayor r\u00fctb\u0259sin\u0259 q\u0259d\u0259r y\u00fcks\u0259lib. H\u0259min ill\u0259rd\u0259 o, Leninqrad \u015f\u0259h\u0259rind\u0259 (indiki Sankt-Peterburq) x\u00fcsusi ali t\u0259hsil al\u0131b, 1957-ci ild\u0259 is\u0259 Az\u0259rbaycan D\u00f6vl\u0259t Universitetinin tarix fak\u00fclt\u0259sini bitirib.<a href=\"http:\/\/xd.gdu.edu.az\/wp-content\/uploads\/2018\/12\/Officer_Heydar_Aliyev.jpg\"><img loading=\"lazy\" decoding=\"async\" class=\"alignleft wp-image-5748 size-medium\" src=\"http:\/\/xd.gdu.edu.az\/wp-content\/uploads\/2018\/12\/Officer_Heydar_Aliyev-249x300.jpg\" alt=\"Officer_Heydar_Aliyev\" width=\"249\" height=\"300\" srcset=\"https:\/\/xdf.gdu.edu.az\/wp-content\/uploads\/2018\/12\/Officer_Heydar_Aliyev-249x300.jpg 249w, https:\/\/xdf.gdu.edu.az\/wp-content\/uploads\/2018\/12\/Officer_Heydar_Aliyev.jpg 456w\" sizes=\"auto, (max-width: 249px) 100vw, 249px\" \/><\/a><\/p>\n<p>Az\u0259rbaycan Kommunist Partiyas\u0131 M\u0259rk\u0259zi Komit\u0259sinin 1969-cu il iyul plenumunda Heyd\u0259r \u018fliyev Az\u0259rbaycan Kommunist Partiyas\u0131 M\u0259rk\u0259zi Komit\u0259sinin birinci katibi se\u00e7il\u0259r\u0259k respublikan\u0131n r\u0259hb\u0259ri olub.<\/p>\n<p>1993-c\u00fc ilin may-iyununda h\u00f6kum\u0259t b\u00f6hran\u0131n\u0131n son d\u0259r\u0259c\u0259 k\u0259skinl\u0259\u015fm\u0259si il\u0259 \u00f6lk\u0259d\u0259 v\u0259t\u0259nda\u015f m\u00fcharib\u0259sinin ba\u015f verm\u0259si v\u0259 m\u00fcst\u0259qilliyin itirilm\u0259si t\u0259hl\u00fck\u0259si yarand\u0131qda Az\u0259rbaycan xalq\u0131 Heyd\u0259r \u018fliyevin hakimiyy\u0259t\u0259 g\u0259tirilm\u0259si t\u0259l\u0259bi il\u0259 aya\u011fa qalxd\u0131. Az\u0259rbaycan\u0131n o zamank\u0131 r\u0259hb\u0259rl\u0259ri Heyd\u0259r \u018fliyevi r\u0259sm\u0259n Bak\u0131ya d\u0259v\u0259t etm\u0259y\u0259 m\u0259cbur oldular. Heyd\u0259r \u018fliyev 1993-c\u00fc il iyunun 15-d\u0259 Az\u0259rbaycan Ali Sovetinin s\u0259dri se\u00e7ildi, iyulun 24-d\u0259 is\u0259 Milli M\u0259clisin q\u0259rar\u0131 il\u0259 Az\u0259rbaycan Respublikas\u0131 Prezidentinin s\u0259lahiyy\u0259tl\u0259rini h\u0259yata ke\u00e7irm\u0259y\u0259 ba\u015flad\u0131.<\/p>\n<p>&nbsp;<\/p>\n<p>&nbsp;<\/p>\n<p>1993-c\u00fc il oktyabr\u0131n 3-d\u0259 \u00fcmumxalq s\u0259sverm\u0259si n\u0259tic\u0259sind\u0259 Heyd\u0259r \u018fliyev Az\u0259rbaycan Respublikas\u0131n\u0131n Prezidenti se\u00e7ilib.<a href=\"http:\/\/xd.gdu.edu.az\/wp-content\/uploads\/2018\/12\/img_7258_slide2.jpg\"><img loading=\"lazy\" decoding=\"async\" class=\"alignright wp-image-5749 size-medium\" src=\"http:\/\/xd.gdu.edu.az\/wp-content\/uploads\/2018\/12\/img_7258_slide2-300x200.jpg\" alt=\"img_7258_slide2\" width=\"300\" height=\"200\" srcset=\"https:\/\/xdf.gdu.edu.az\/wp-content\/uploads\/2018\/12\/img_7258_slide2-300x200.jpg 300w, https:\/\/xdf.gdu.edu.az\/wp-content\/uploads\/2018\/12\/img_7258_slide2-480x320.jpg 480w, https:\/\/xdf.gdu.edu.az\/wp-content\/uploads\/2018\/12\/img_7258_slide2-320x213.jpg 320w, https:\/\/xdf.gdu.edu.az\/wp-content\/uploads\/2018\/12\/img_7258_slide2-240x160.jpg 240w, https:\/\/xdf.gdu.edu.az\/wp-content\/uploads\/2018\/12\/img_7258_slide2.jpg 675w\" sizes=\"auto, (max-width: 300px) 100vw, 300px\" \/><\/a><\/p>\n<p>1998-ci il oktyabr\u0131n 11-d\u0259 xalq\u0131n y\u00fcks\u0259k f\u0259all\u0131\u011f\u0131 \u015f\u0259raitind\u0259 ke\u00e7iril\u0259n se\u00e7kil\u0259rd\u0259 s\u0259sl\u0259rin 76,1 faizini toplayaraq, yenid\u0259n Az\u0259rbaycan Respublikas\u0131n\u0131n Prezidenti se\u00e7ilib.<\/p>\n<p>2003-c\u00fc il oktyabr\u0131n 15-d\u0259 ke\u00e7iril\u0259n prezident se\u00e7kil\u0259rind\u0259 namiz\u0259dliyinin ir\u0259li s\u00fcr\u00fclm\u0259sin\u0259 raz\u0131l\u0131q vermi\u015f Heyd\u0259r \u018fliyev s\u0259hh\u0259tind\u0259 yaranm\u0131\u015f probleml\u0259rl\u0259 \u0259laq\u0259dar se\u00e7kil\u0259rd\u0259 i\u015ftirak etm\u0259kd\u0259n imtina edib v\u0259 namiz\u0259dliyini \u0130lham \u018fliyevin xeyrin\u0259 geri g\u00f6t\u00fcr\u00fcb. H\u0259min il dekabr\u0131n 12-d\u0259 Az\u0259rbaycan\u0131n \u00fcmummilli lideri Heyd\u0259r \u018fliyev Amerika Birl\u0259\u015fmi\u015f \u015etatlar\u0131n\u0131n Klivlend Klinikas\u0131nda v\u0259fat edib.<\/p>\n","protected":false},"excerpt":{"rendered":"<p>Heyd\u0259r \u018flirza o\u011flu \u018fliyev 1923-c\u00fc il may\u0131n 10-da Az\u0259rbaycan\u0131n Nax\u00e7\u0131van \u015f\u0259h\u0259rind\u0259 anadan olub. 1939-cu ild\u0259 Nax\u00e7\u0131van Pedaqoji Texnikumunu bitirdikd\u0259n sonra Az\u0259rbaycan S\u0259naye \u0130nstitutunun (indiki Az\u0259rbaycan D\u00f6vl\u0259t Neft Akademiyas\u0131) memarl\u0131q fak\u00fclt\u0259sind\u0259 t\u0259hsil al\u0131b. &nbsp; T\u0259hl\u00fck\u0259sizlik orqanlar\u0131 sistemind\u0259 \u00e7al\u0131\u015fan Heyd\u0259r \u018fliyev 1964-c\u00fc ild\u0259n Az\u0259rbaycan SSR Nazirl\u0259r Soveti yan\u0131nda D\u00f6vl\u0259t T\u0259hl\u00fck\u0259sizliyi Komit\u0259si s\u0259drinin m\u00fcavini, 1967-ci ild\u0259n is\u0259 s\u0259dri [&hellip;]<\/p>\n","protected":false},"author":4,"featured_media":5754,"comment_status":"open","ping_status":"open","sticky":false,"template":"","format":"standard","meta":{"footnotes":""},"categories":[1],"tags":[],"class_list":["post-5746","post","type-post","status-publish","format-standard","has-post-thumbnail","hentry","category-sas"],"_links":{"self":[{"href":"https:\/\/xdf.gdu.edu.az\/index.php?rest_route=\/wp\/v2\/posts\/5746","targetHints":{"allow":["GET"]}}],"collection":[{"href":"https:\/\/xdf.gdu.edu.az\/index.php?rest_route=\/wp\/v2\/posts"}],"about":[{"href":"https:\/\/xdf.gdu.edu.az\/index.php?rest_route=\/wp\/v2\/types\/post"}],"author":[{"embeddable":true,"href":"https:\/\/xdf.gdu.edu.az\/index.php?rest_route=\/wp\/v2\/users\/4"}],"replies":[{"embeddable":true,"href":"https:\/\/xdf.gdu.edu.az\/index.php?rest_route=%2Fwp%2Fv2%2Fcomments&post=5746"}],"version-history":[{"count":2,"href":"https:\/\/xdf.gdu.edu.az\/index.php?rest_route=\/wp\/v2\/posts\/5746\/revisions"}],"predecessor-version":[{"id":5753,"href":"https:\/\/xdf.gdu.edu.az\/index.php?rest_route=\/wp\/v2\/posts\/5746\/revisions\/5753"}],"wp:featuredmedia":[{"embeddable":true,"href":"https:\/\/xdf.gdu.edu.az\/index.php?rest_route=\/wp\/v2\/media\/5754"}],"wp:attachment":[{"href":"https:\/\/xdf.gdu.edu.az\/index.php?rest_route=%2Fwp%2Fv2%2Fmedia&parent=5746"}],"wp:term":[{"taxonomy":"category","embeddable":true,"href":"https:\/\/xdf.gdu.edu.az\/index.php?rest_route=%2Fwp%2Fv2%2Fcategories&post=5746"},{"taxonomy":"post_tag","embeddable":true,"href":"https:\/\/xdf.gdu.edu.az\/index.php?rest_route=%2Fwp%2Fv2%2Ftags&post=5746"}],"curies":[{"name":"wp","href":"https:\/\/api.w.org\/{rel}","templated":true}]}}