{"id":18615,"date":"2026-03-07T13:14:47","date_gmt":"2026-03-07T11:14:47","guid":{"rendered":"https:\/\/xdf.gdu.edu.az\/?p=18615"},"modified":"2026-03-07T13:29:40","modified_gmt":"2026-03-07T11:29:40","slug":"8-mart-beynelxalq-qadinlar-gunu","status":"publish","type":"post","link":"https:\/\/xdf.gdu.edu.az\/?p=18615","title":{"rendered":"8 MART- BEYN\u018fLXALQ QADINLAR G\u00dcN\u00dc"},"content":{"rendered":"\n<figure class=\"wp-block-gallery has-nested-images columns-default is-cropped wp-block-gallery-1 is-layout-flex wp-block-gallery-is-layout-flex\">\n<figure class=\"wp-block-image size-large\"><img loading=\"lazy\" decoding=\"async\" width=\"515\" height=\"271\" data-id=\"18616\" src=\"https:\/\/xdf.gdu.edu.az\/wp-content\/uploads\/2026\/03\/a0c27ed9-1d59-421f-a06d-895691c822cc.jpeg\" alt=\"\" class=\"wp-image-18616\"\/><\/figure>\n<\/figure>\n\n\n\n<p>H\u0259r il mart ay\u0131n\u0131n 8-i Beyn\u0259lxalq Qad\u0131nlar G\u00fcn\u00fc kimi qeyd olunur. Bu g\u00fcn qad\u0131nlar\u0131n iqtisadi, ictimai v\u0259 siyasi m\u00fcbariz\u0259sini, habel\u0259 \u00fcmumi olaraq qad\u0131nlara qar\u015f\u0131 n\u0259zak\u0259t, sevgi v\u0259 m\u0259h\u0259bb\u0259tin t\u0259r\u0259nn\u00fcm\u00fcn\u00fc \u0259n\u0259n\u0259vi hala g\u0259tirmi\u015fdir. Az\u0259rbaycan qad\u0131n\u0131 tarixin b\u00fct\u00fcn d\u00f6vrl\u0259rind\u0259 \u00f6z irad\u0259si v\u0259 m\u0259rdliyi, safl\u0131\u011f\u0131 v\u0259 s\u0259daq\u0259ti il\u0259 c\u0259miyy\u0259timizin h\u0259yat\u0131nda, xalq\u0131m\u0131z\u0131n milli-m\u0259n\u0259vi d\u0259y\u0259rl\u0259r sisteminin formala\u015fmas\u0131nda m\u00fcst\u0259sna rol oynay\u0131b. \u00d6lk\u0259mizin siyasi-ictimai, elmi, \u0259d\u0259bi-b\u0259dii, humanitar v\u0259 dig\u0259r sah\u0259l\u0259rind\u0259 \u00f6z s\u00f6z\u00fcn\u00fc demi\u015f qad\u0131nlar x\u00fcsusil\u0259 son d\u00f6vrl\u0259rd\u0259 y\u00fczillikl\u0259r\u0259 b\u0259rab\u0259r inki\u015faf yolu ke\u00e7ib, onlar\u0131n c\u0259miyy\u0259td\u0259, ictimai h\u0259yatda, ail\u0259d\u0259ki m\u00f6vqeyind\u0259 k\u00f6kl\u00fc d\u0259yi\u015fiklikl\u0259r ba\u015f verib.<\/p>\n\n\n\n<p>Bu g\u00fcn Az\u0259rbaycan qad\u0131n\u0131, alimdir, yaz\u0131\u00e7\u0131d\u0131r, r\u0259ssamd\u0131r, h\u0259kimdir, neft\u00e7idir, arxeoloqdur\u2026 \u0259n ba\u015fl\u0131cas\u0131 is\u0259 bu s\u0259n\u0259t sahibl\u0259rini ail\u0259 v\u0259 c\u0259miyy\u0259t \u00fc\u00e7\u00fcn yeti\u015fdir\u0259n h\u0259yat m\u00fc\u0259llimi, anad\u0131rlar.<\/p>\n\n\n\n<p>T\u0259kc\u0259 bu g\u00fcn yox, sabah da, o biri g\u00fcn d\u0259 \u2013 daim \u00fcz\u00fcn\u00fcz g\u00fcls\u00fcn, \u0259ziz xan\u0131mlar! Sizi h\u0259mi\u015f\u0259 z\u0259rif g\u00f6rm\u0259k ist\u0259yir\u0259m. Qad\u0131n ad\u0131n\u0131, ana ad\u0131n\u0131 v\u0259 \u015f\u0259r\u0259fli n\u0259n\u0259 ad\u0131n\u0131 da\u015f\u0131ma\u011f\u0131 h\u0259r bir az\u0259rbaycanl\u0131 xan\u0131ma arzu edir\u0259m. \u00c7\u00fcnki onlar buna v\u0259 bundan da y\u00fcks\u0259k, ali m\u0259ns\u0259b\u0259, h\u00f6rm\u0259t\u0259 v\u0259 m\u0259h\u0259bb\u0259t\u0259 layiqdirl\u0259r. Unutmamal\u0131y\u0131q ki, b\u0259\u015f\u0259riyy\u0259tin yar\u0131dan \u00e7oxunu t\u0259\u015fkil ed\u0259n qad\u0131nlar, analar \u2013 bu z\u0259rif m\u0259xluqlar h\u0259yat\u0131n m\u0259nas\u0131, b\u0259z\u0259yi v\u0259 \u0259b\u0259di g\u00f6z\u0259lliyidir.<\/p>\n","protected":false},"excerpt":{"rendered":"<p>H\u0259r il mart ay\u0131n\u0131n 8-i Beyn\u0259lxalq Qad\u0131nlar G\u00fcn\u00fc kimi qeyd olunur. Bu g\u00fcn qad\u0131nlar\u0131n iqtisadi, ictimai v\u0259 siyasi m\u00fcbariz\u0259sini, habel\u0259 \u00fcmumi olaraq qad\u0131nlara qar\u015f\u0131 n\u0259zak\u0259t, sevgi v\u0259 m\u0259h\u0259bb\u0259tin t\u0259r\u0259nn\u00fcm\u00fcn\u00fc \u0259n\u0259n\u0259vi hala g\u0259tirmi\u015fdir. Az\u0259rbaycan qad\u0131n\u0131 tarixin b\u00fct\u00fcn d\u00f6vrl\u0259rind\u0259 \u00f6z irad\u0259si v\u0259 m\u0259rdliyi, safl\u0131\u011f\u0131 v\u0259 s\u0259daq\u0259ti il\u0259 c\u0259miyy\u0259timizin h\u0259yat\u0131nda, xalq\u0131m\u0131z\u0131n milli-m\u0259n\u0259vi d\u0259y\u0259rl\u0259r sisteminin formala\u015fmas\u0131nda m\u00fcst\u0259sna rol oynay\u0131b. [&hellip;]<\/p>\n","protected":false},"author":4,"featured_media":18616,"comment_status":"closed","ping_status":"open","sticky":false,"template":"","format":"standard","meta":{"footnotes":""},"categories":[1],"tags":[],"class_list":["post-18615","post","type-post","status-publish","format-standard","has-post-thumbnail","hentry","category-sas"],"_links":{"self":[{"href":"https:\/\/xdf.gdu.edu.az\/index.php?rest_route=\/wp\/v2\/posts\/18615","targetHints":{"allow":["GET"]}}],"collection":[{"href":"https:\/\/xdf.gdu.edu.az\/index.php?rest_route=\/wp\/v2\/posts"}],"about":[{"href":"https:\/\/xdf.gdu.edu.az\/index.php?rest_route=\/wp\/v2\/types\/post"}],"author":[{"embeddable":true,"href":"https:\/\/xdf.gdu.edu.az\/index.php?rest_route=\/wp\/v2\/users\/4"}],"replies":[{"embeddable":true,"href":"https:\/\/xdf.gdu.edu.az\/index.php?rest_route=%2Fwp%2Fv2%2Fcomments&post=18615"}],"version-history":[{"count":1,"href":"https:\/\/xdf.gdu.edu.az\/index.php?rest_route=\/wp\/v2\/posts\/18615\/revisions"}],"predecessor-version":[{"id":18617,"href":"https:\/\/xdf.gdu.edu.az\/index.php?rest_route=\/wp\/v2\/posts\/18615\/revisions\/18617"}],"wp:featuredmedia":[{"embeddable":true,"href":"https:\/\/xdf.gdu.edu.az\/index.php?rest_route=\/wp\/v2\/media\/18616"}],"wp:attachment":[{"href":"https:\/\/xdf.gdu.edu.az\/index.php?rest_route=%2Fwp%2Fv2%2Fmedia&parent=18615"}],"wp:term":[{"taxonomy":"category","embeddable":true,"href":"https:\/\/xdf.gdu.edu.az\/index.php?rest_route=%2Fwp%2Fv2%2Fcategories&post=18615"},{"taxonomy":"post_tag","embeddable":true,"href":"https:\/\/xdf.gdu.edu.az\/index.php?rest_route=%2Fwp%2Fv2%2Ftags&post=18615"}],"curies":[{"name":"wp","href":"https:\/\/api.w.org\/{rel}","templated":true}]}}