{"id":16603,"date":"2025-04-18T09:08:40","date_gmt":"2025-04-18T07:08:40","guid":{"rendered":"https:\/\/xdf.gdu.edu.az\/?p=16603"},"modified":"2025-04-22T09:10:43","modified_gmt":"2025-04-22T07:10:43","slug":"bahar-musiqi-festivali","status":"publish","type":"post","link":"https:\/\/xdf.gdu.edu.az\/?p=16603","title":{"rendered":"\u201cBahar Musiqi Festival\u0131\u201d"},"content":{"rendered":"\n<figure class=\"wp-block-image is-resized\"><img decoding=\"async\" src=\"https:\/\/gdu.edu.az\/wp-content\/uploads\/2025\/04\/1745235575425-1-1.jpg\" alt=\"\" class=\"wp-image-35529\" style=\"width:386px;height:auto\"\/><\/figure>\n\n\n\n<figure class=\"wp-block-image is-resized\"><img decoding=\"async\" src=\"https:\/\/gdu.edu.az\/wp-content\/uploads\/2025\/04\/87-scaled.jpg\" alt=\"\" class=\"wp-image-35547\" style=\"width:396px;height:auto\"\/><\/figure>\n\n\n\n<p>G\u0259nc\u0259 D\u00f6vl\u0259t Universitetinin be\u015finci t\u0259dris korpusunda T\u0259l\u0259b\u0259 G\u0259ncl\u0259r T\u0259\u015fkilat\u0131n\u0131n t\u0259\u015f\u0259bb\u00fcs\u00fc v\u0259 t\u0259\u015fkilat\u00e7\u0131l\u0131\u011f\u0131 il\u0259 ilk d\u0259f\u0259 olaraq &nbsp;&nbsp;&nbsp;\u201cBahar Musiqi Festival\u0131\u201d ke\u00e7irilib. T\u0259dbird\u0259 ilk \u00f6nc\u0259 Az\u0259rbaycan Respublikas\u0131n\u0131n D\u00f6vl\u0259t Himni s\u0259sl\u0259ndirilib, &nbsp;ard\u0131nca \u00dcmummilli Lider Heyd\u0259r \u018fliyevin v\u0259 \u00f6lk\u0259mizin \u0259razi b\u00fct\u00f6vl\u00fcy\u00fc u\u011frunda canlar\u0131ndan ke\u00e7\u0259n \u015f\u0259hidl\u0259rimizin \u0259ziz xatir\u0259si bir d\u0259qiq\u0259lik s\u00fckutla yad edilib.<\/p>\n\n\n\n<p>&nbsp;&nbsp; &nbsp;&nbsp;&nbsp;Daha sonra Universitetin Humanitar m\u0259s\u0259l\u0259l\u0259r \u00fczr\u0259 prorektoru G\u00fcls\u00fcm F\u0259t\u0259liyeva, rektorun ba\u015f m\u00fc\u015faviri Asif Cavadov, el\u0259c\u0259 d\u0259 T\u0259l\u0259b\u0259 G\u0259ncl\u0259r T\u0259\u015fkilat\u0131n\u0131n s\u0259dri \u0130srafil Abbasov \u00e7\u0131x\u0131\u015f ed\u0259r\u0259k d\u00f6vl\u0259t ba\u015f\u00e7\u0131s\u0131n\u0131n g\u0259ncl\u0259r\u0259 g\u00f6st\u0259rdiyi diqq\u0259t v\u0259 qay\u011f\u0131dan dan\u0131\u015f\u0131blar. Qeyd edibl\u0259r ki, bu c\u00fcr layih\u0259l\u0259r g\u0259ncl\u0259rin f\u0259all\u0131\u011f\u0131n\u0131n v\u0259 yarad\u0131c\u0131l\u0131\u011f\u0131n\u0131n inki\u015faf\u0131na b\u00f6y\u00fck t\u00f6hf\u0259 verir. G\u00f6st\u0259ril\u0259n diqq\u0259t\u0259 v\u0259 &nbsp;davaml\u0131 d\u0259st\u0259y\u0259 g\u00f6r\u0259 is\u0259 \u00f6lk\u0259 r\u0259hb\u0259rliyin\u0259 &nbsp;t\u0259\u015f\u0259kk\u00fcr edilib.<\/p>\n\n\n\n<p>&nbsp;&nbsp; T\u0259dbirin b\u0259dii hiss\u0259sind\u0259 G\u0259nc\u0259 D\u00f6vl\u0259t Universitetinin T\u0259l\u0259b\u0259 G\u0259ncl\u0259r T\u0259\u015fkilat\u0131n\u0131n n\u0259zdind\u0259 f\u0259aliyy\u0259t g\u00f6st\u0259r\u0259n \u201cCreArt\u201d r\u0259qs klubu il\u0259 birlikd\u0259 haz\u0131rlanan \u201cUzund\u0259r\u0259\u201d r\u0259qsi t\u0259qdim olunub.<\/p>\n\n\n\n<p>&nbsp;&nbsp; &nbsp;H\u0259m\u00e7inin xarici v\u0259 milli musiqil\u0259r d\u0259 festivalda canl\u0131 ifa olunub. \u201c\u00c7inar Band\u201d qrupunun s\u0259sl\u0259ndirdiyi m\u00fcxt\u0259lif musiqil\u0259r is\u0259 alq\u0131\u015flarla &nbsp;qar\u015f\u0131lan\u0131b.<\/p>\n\n\n\n<p>&nbsp;&nbsp; Festival\u0131n sonunda t\u0259l\u0259b\u0259l\u0259r birlikd\u0259 r\u0259qs ed\u0259r\u0259k \u015f\u0259n \u0259hval-ruhiyy\u0259 il\u0259 h\u0259mr\u0259ylik n\u00fcmayi\u015f etdiribl\u0259r.<\/p>\n\n\n<div class=\"wp-block-image\">\n<figure class=\"aligncenter is-resized\"><a href=\"https:\/\/gdu.edu.az\/wp-content\/uploads\/2025\/04\/1745235575417-3.jpg\"><img decoding=\"async\" src=\"https:\/\/gdu.edu.az\/wp-content\/uploads\/2025\/04\/1745235575417-3.jpg\" alt=\"\" class=\"wp-image-35528\" style=\"width:372px;height:auto\"\/><\/a><\/figure>\n<\/div>\n\n\n<figure class=\"wp-block-image\"><img decoding=\"async\" src=\"https:\/\/gdu.edu.az\/wp-content\/uploads\/2025\/04\/1745235575433-1-1.jpg\" alt=\"\"\/><\/figure>\n\n\n\n<figure class=\"wp-block-image\"><img decoding=\"async\" src=\"https:\/\/gdu.edu.az\/wp-content\/uploads\/2025\/04\/1745235575400-scaled.jpg\" alt=\"\" class=\"wp-image-35551\"\/><\/figure>\n\n\n\n<figure class=\"wp-block-image\"><img decoding=\"async\" src=\"https:\/\/gdu.edu.az\/wp-content\/uploads\/2025\/04\/1745235575374-3.jpg\" alt=\"\" class=\"wp-image-35544\"\/><\/figure>\n\n\n\n<figure class=\"wp-block-image\"><img decoding=\"async\" src=\"https:\/\/gdu.edu.az\/wp-content\/uploads\/2025\/04\/36-scaled.jpg\" alt=\"\" class=\"wp-image-35548\"\/><\/figure>\n","protected":false},"excerpt":{"rendered":"<p>G\u0259nc\u0259 D\u00f6vl\u0259t Universitetinin be\u015finci t\u0259dris korpusunda T\u0259l\u0259b\u0259 G\u0259ncl\u0259r T\u0259\u015fkilat\u0131n\u0131n t\u0259\u015f\u0259bb\u00fcs\u00fc v\u0259 t\u0259\u015fkilat\u00e7\u0131l\u0131\u011f\u0131 il\u0259 ilk d\u0259f\u0259 olaraq &nbsp;&nbsp;&nbsp;\u201cBahar Musiqi Festival\u0131\u201d ke\u00e7irilib. T\u0259dbird\u0259 ilk \u00f6nc\u0259 Az\u0259rbaycan Respublikas\u0131n\u0131n D\u00f6vl\u0259t Himni s\u0259sl\u0259ndirilib, &nbsp;ard\u0131nca \u00dcmummilli Lider Heyd\u0259r \u018fliyevin v\u0259 \u00f6lk\u0259mizin \u0259razi b\u00fct\u00f6vl\u00fcy\u00fc u\u011frunda canlar\u0131ndan ke\u00e7\u0259n \u015f\u0259hidl\u0259rimizin \u0259ziz xatir\u0259si bir d\u0259qiq\u0259lik s\u00fckutla yad edilib. &nbsp;&nbsp; &nbsp;&nbsp;&nbsp;Daha sonra Universitetin Humanitar m\u0259s\u0259l\u0259l\u0259r \u00fczr\u0259 [&hellip;]<\/p>\n","protected":false},"author":4,"featured_media":16605,"comment_status":"closed","ping_status":"open","sticky":false,"template":"","format":"standard","meta":{"footnotes":""},"categories":[3],"tags":[],"class_list":["post-16603","post","type-post","status-publish","format-standard","has-post-thumbnail","hentry","category-xbrlr"],"_links":{"self":[{"href":"https:\/\/xdf.gdu.edu.az\/index.php?rest_route=\/wp\/v2\/posts\/16603","targetHints":{"allow":["GET"]}}],"collection":[{"href":"https:\/\/xdf.gdu.edu.az\/index.php?rest_route=\/wp\/v2\/posts"}],"about":[{"href":"https:\/\/xdf.gdu.edu.az\/index.php?rest_route=\/wp\/v2\/types\/post"}],"author":[{"embeddable":true,"href":"https:\/\/xdf.gdu.edu.az\/index.php?rest_route=\/wp\/v2\/users\/4"}],"replies":[{"embeddable":true,"href":"https:\/\/xdf.gdu.edu.az\/index.php?rest_route=%2Fwp%2Fv2%2Fcomments&post=16603"}],"version-history":[{"count":2,"href":"https:\/\/xdf.gdu.edu.az\/index.php?rest_route=\/wp\/v2\/posts\/16603\/revisions"}],"predecessor-version":[{"id":16606,"href":"https:\/\/xdf.gdu.edu.az\/index.php?rest_route=\/wp\/v2\/posts\/16603\/revisions\/16606"}],"wp:featuredmedia":[{"embeddable":true,"href":"https:\/\/xdf.gdu.edu.az\/index.php?rest_route=\/wp\/v2\/media\/16605"}],"wp:attachment":[{"href":"https:\/\/xdf.gdu.edu.az\/index.php?rest_route=%2Fwp%2Fv2%2Fmedia&parent=16603"}],"wp:term":[{"taxonomy":"category","embeddable":true,"href":"https:\/\/xdf.gdu.edu.az\/index.php?rest_route=%2Fwp%2Fv2%2Fcategories&post=16603"},{"taxonomy":"post_tag","embeddable":true,"href":"https:\/\/xdf.gdu.edu.az\/index.php?rest_route=%2Fwp%2Fv2%2Ftags&post=16603"}],"curies":[{"name":"wp","href":"https:\/\/api.w.org\/{rel}","templated":true}]}}