{"id":16263,"date":"2025-04-03T08:22:15","date_gmt":"2025-04-03T06:22:15","guid":{"rendered":"https:\/\/xdf.gdu.edu.az\/?p=16263"},"modified":"2025-04-03T08:33:15","modified_gmt":"2025-04-03T06:33:15","slug":"aprel-doyusl%c9%99ri-tarixi-z%c9%99f%c9%99rimizin-baslangici","status":"publish","type":"post","link":"https:\/\/xdf.gdu.edu.az\/?p=16263","title":{"rendered":"Aprel d\u00f6y\u00fc\u015fl\u0259ri xalq\u0131m\u0131z\u0131n q\u0259hr\u0259manl\u0131q salnam\u0259sidir"},"content":{"rendered":"\n<p><\/p>\n\n\n\n<figure class=\"wp-block-image size-full\"><img loading=\"lazy\" decoding=\"async\" width=\"302\" height=\"167\" src=\"http:\/\/xdf.gdu.edu.az\/wp-content\/uploads\/2025\/04\/images-3.jpg\" alt=\"\" class=\"wp-image-16267\"\/><\/figure>\n\n\n\n<p><strong>2016-c\u0131 ilin aprelind\u0259 Erm\u0259nistan silahl\u0131 q\u00fcvv\u0259l\u0259rinin qo\u015funlar\u0131n t\u0259mas x\u0259ttind\u0259 ard\u0131c\u0131l t\u0259xribatlar\u0131na cavab olaraq ke\u00e7irilmi\u015f \u0259ks-\u0259m\u0259liyyat zaman\u0131 qazan\u0131lm\u0131\u015f q\u0259l\u0259b\u0259 Ordumuzun g\u00fcc\u00fcn\u00fc, xalq\u0131m\u0131z\u0131n yenilm\u0259z ruhunu b\u00fct\u00fcn d\u00fcnyaya g\u00f6st\u0259rdi<\/strong><\/p>\n\n\n\n<p><strong>Az\u0259rbaycan Ordusunun parlaq tarixi Q\u0259l\u0259b\u0259l\u0259rind\u0259n biri olan \u015fanl\u0131 Aprel d\u00f6y\u00fc\u015fl\u0259rind\u0259n yeddi il \u00f6t\u00fcr. 2016-c\u0131 il aprelin 2-d\u0259 Erm\u0259nistan silahl\u0131 q\u00fcvv\u0259l\u0259rinin t\u0259xribatlar\u0131na cavab olaraq Az\u0259rbaycan Ordusu s\u00fcr\u0259tli \u0259ks-h\u00fccum \u0259m\u0259liyyat\u0131 il\u0259 d\u00fc\u015fm\u0259ni a\u011f\u0131r m\u0259\u011flubiyy\u0259t\u0259 u\u011fradaraq, F\u00fczuli, C\u0259bray\u0131l v\u0259 A\u011fd\u0259r\u0259 rayonlar\u0131n\u0131n i\u015f\u011fal alt\u0131ndak\u0131 \u0259razil\u0259rinin 2000 hektardan \u00e7ox hiss\u0259sini azad etdi.&nbsp;H\u0259m\u00e7inin minl\u0259rl\u0259 hektar \u0259razi Az\u0259rbaycan Ordusunun tam n\u0259zar\u0259tin\u0259 ke\u00e7di. Az\u0259rbaycan Ordusu d\u00f6rdg\u00fcnl\u00fck Aprel d\u00f6y\u00fc\u015fl\u0259ri il\u0259 uzun ill\u0259rd\u0259n sonra xalq\u0131m\u0131za q\u0259l\u0259b\u0259 sevinci ya\u015fatd\u0131.<\/strong><\/p>\n\n\n\n<p>Bu g\u00fcn h\u0259r bir az\u0259rbaycanl\u0131 L\u0259l\u0259t\u0259p\u0259d\u0259 ucald\u0131lan \u00fc\u00e7r\u0259ngli bayra\u011f\u0131m\u0131z\u0131n i\u015f\u011faldan azad edil\u0259n \u015eu\u015fada v\u0259 dig\u0259r \u0259razil\u0259rimizd\u0259 dal\u011falanmas\u0131ndan sonsuz q\u00fcrur duymaqdad\u0131r.<\/p>\n\n\n\n<p><\/p>\n","protected":false},"excerpt":{"rendered":"<p>2016-c\u0131 ilin aprelind\u0259 Erm\u0259nistan silahl\u0131 q\u00fcvv\u0259l\u0259rinin qo\u015funlar\u0131n t\u0259mas x\u0259ttind\u0259 ard\u0131c\u0131l t\u0259xribatlar\u0131na cavab olaraq ke\u00e7irilmi\u015f \u0259ks-\u0259m\u0259liyyat zaman\u0131 qazan\u0131lm\u0131\u015f q\u0259l\u0259b\u0259 Ordumuzun g\u00fcc\u00fcn\u00fc, xalq\u0131m\u0131z\u0131n yenilm\u0259z ruhunu b\u00fct\u00fcn d\u00fcnyaya g\u00f6st\u0259rdi Az\u0259rbaycan Ordusunun parlaq tarixi Q\u0259l\u0259b\u0259l\u0259rind\u0259n biri olan \u015fanl\u0131 Aprel d\u00f6y\u00fc\u015fl\u0259rind\u0259n yeddi il \u00f6t\u00fcr. 2016-c\u0131 il aprelin 2-d\u0259 Erm\u0259nistan silahl\u0131 q\u00fcvv\u0259l\u0259rinin t\u0259xribatlar\u0131na cavab olaraq Az\u0259rbaycan Ordusu s\u00fcr\u0259tli \u0259ks-h\u00fccum \u0259m\u0259liyyat\u0131 il\u0259 [&hellip;]<\/p>\n","protected":false},"author":4,"featured_media":16269,"comment_status":"closed","ping_status":"open","sticky":false,"template":"","format":"standard","meta":{"footnotes":""},"categories":[1],"tags":[],"class_list":["post-16263","post","type-post","status-publish","format-standard","has-post-thumbnail","hentry","category-sas"],"_links":{"self":[{"href":"https:\/\/xdf.gdu.edu.az\/index.php?rest_route=\/wp\/v2\/posts\/16263","targetHints":{"allow":["GET"]}}],"collection":[{"href":"https:\/\/xdf.gdu.edu.az\/index.php?rest_route=\/wp\/v2\/posts"}],"about":[{"href":"https:\/\/xdf.gdu.edu.az\/index.php?rest_route=\/wp\/v2\/types\/post"}],"author":[{"embeddable":true,"href":"https:\/\/xdf.gdu.edu.az\/index.php?rest_route=\/wp\/v2\/users\/4"}],"replies":[{"embeddable":true,"href":"https:\/\/xdf.gdu.edu.az\/index.php?rest_route=%2Fwp%2Fv2%2Fcomments&post=16263"}],"version-history":[{"count":3,"href":"https:\/\/xdf.gdu.edu.az\/index.php?rest_route=\/wp\/v2\/posts\/16263\/revisions"}],"predecessor-version":[{"id":16270,"href":"https:\/\/xdf.gdu.edu.az\/index.php?rest_route=\/wp\/v2\/posts\/16263\/revisions\/16270"}],"wp:featuredmedia":[{"embeddable":true,"href":"https:\/\/xdf.gdu.edu.az\/index.php?rest_route=\/wp\/v2\/media\/16269"}],"wp:attachment":[{"href":"https:\/\/xdf.gdu.edu.az\/index.php?rest_route=%2Fwp%2Fv2%2Fmedia&parent=16263"}],"wp:term":[{"taxonomy":"category","embeddable":true,"href":"https:\/\/xdf.gdu.edu.az\/index.php?rest_route=%2Fwp%2Fv2%2Fcategories&post=16263"},{"taxonomy":"post_tag","embeddable":true,"href":"https:\/\/xdf.gdu.edu.az\/index.php?rest_route=%2Fwp%2Fv2%2Ftags&post=16263"}],"curies":[{"name":"wp","href":"https:\/\/api.w.org\/{rel}","templated":true}]}}