{"id":8696,"date":"2022-02-23T09:33:22","date_gmt":"2022-02-23T07:33:22","guid":{"rendered":"http:\/\/xdf.gdu.edu.az\/?p=8696"},"modified":"2022-02-23T12:50:34","modified_gmt":"2022-02-23T10:50:34","slug":"xocali-faci%c9%99si-hec-zaman-unudulmayacaq","status":"publish","type":"post","link":"http:\/\/xdf.gdu.edu.az\/?p=8696","title":{"rendered":"Xocal\u0131 faci\u0259si he\u00e7 zaman unudulmayacaq"},"content":{"rendered":"\n<figure class=\"wp-block-image size-large\"><img loading=\"lazy\" decoding=\"async\" width=\"202\" height=\"448\" src=\"http:\/\/xdf.gdu.edu.az\/wp-content\/uploads\/2022\/02\/WhatsApp-Image-2022-02-23-at-11.37.00-1.jpeg\" alt=\"\" class=\"wp-image-8698\"\/><\/figure>\n\n\n\n<figure class=\"wp-block-gallery columns-2 is-cropped wp-block-gallery-1 is-layout-flex wp-block-gallery-is-layout-flex\"><ul class=\"blocks-gallery-grid\"><li class=\"blocks-gallery-item\"><figure><img loading=\"lazy\" decoding=\"async\" width=\"448\" height=\"202\" src=\"http:\/\/xdf.gdu.edu.az\/wp-content\/uploads\/2022\/02\/WhatsApp-Image-2022-02-23-at-11.37.00-2.jpeg\" alt=\"\" data-id=\"8701\" data-full-url=\"http:\/\/xdf.gdu.edu.az\/wp-content\/uploads\/2022\/02\/WhatsApp-Image-2022-02-23-at-11.37.00-2.jpeg\" data-link=\"http:\/\/xdf.gdu.edu.az\/?attachment_id=8701#main\" class=\"wp-image-8701\"\/><\/figure><\/li><li class=\"blocks-gallery-item\"><figure><img loading=\"lazy\" decoding=\"async\" width=\"448\" height=\"202\" src=\"http:\/\/xdf.gdu.edu.az\/wp-content\/uploads\/2022\/02\/WhatsApp-Image-2022-02-23-at-11.37.01.jpeg\" alt=\"\" data-id=\"8702\" data-full-url=\"http:\/\/xdf.gdu.edu.az\/wp-content\/uploads\/2022\/02\/WhatsApp-Image-2022-02-23-at-11.37.01.jpeg\" data-link=\"http:\/\/xdf.gdu.edu.az\/?attachment_id=8702#main\" class=\"wp-image-8702\"\/><\/figure><\/li><\/ul><\/figure>\n\n\n\n<p><em><strong>Xocal\u0131\nsoyq\u0131r\u0131m\u0131 yaln\u0131z Az\u0259rbaycan v\u0259 az\u0259rbaycanl\u0131lar\u0131n deyil, b\u00fct\u00fcn b\u0259\u015f\u0259riyy\u0259tin, h\u0259r\nbir insan\u0131n faci\u0259sidir. D\u00fcnya birliyi g\u00fcnahs\u0131z insanlar\u0131n q\u0259tlini q\u0259bul\netm\u0259m\u0259li, Xocal\u0131 faci\u0259si il\u0259 ba\u011fl\u0131 \u0259dal\u0259t s\u0259sini ucaltmal\u0131d\u0131r.<\/strong><\/em><\/p>\n\n\n\n<p>Az\u0259rbaycan\nPrezidenti \u0130lham \u018fliyevin Xocal\u0131 soyq\u0131r\u0131m\u0131n\u0131n otuzuncu ild\u00f6n\u00fc\u00adm\u00fc haqq\u0131nda\nimzalad\u0131\u011f\u0131 s\u0259r\u0259ncamda deyilir ki, Erm\u0259nistan\u0131n az\u0259rbaycanl\u0131lara qar\u015f\u0131 t\u00f6r\u0259tdiyi\nXocal\u0131 soyq\u0131r\u0131m\u0131, el\u0259c\u0259 d\u0259 Ba\u011fan\u0131s Ayr\u0131m, Qarada\u011fl\u0131, A\u011fdaban v\u0259 Ba\u015fl\u0131bel\nq\u0259tliamlar\u0131 il\u0259 m\u00fc\u015fayi\u0259t olunan h\u0259rbi t\u0259cav\u00fcz\u00fc n\u0259tic\u0259sind\u0259 torpaqla\u00adr\u0131m\u0131z\u0131n 20\nfaiz\u0259 q\u0259d\u0259ri i\u015f\u011fal edildi, 20 min v\u0259t\u0259nda\u015f\u0131m\u0131z q\u0259tl\u0259 yetirildi, 50 min n\u0259f\u0259rd\u0259n\nart\u0131q adam yaraland\u0131 v\u0259 \u0259lil oldu. Az\u0259rbaycan b\u00f6y\u00fck humanitar f\u0259lak\u0259tl\u0259 \u00fcz-\u00fcz\u0259 qald\u0131.<\/p>\n\n\n\n<p>Erm\u0259nistan\u0131n daim m\u00fclki \u0259halini h\u0259d\u0259f se\u00e7\u0259n t\u0259xribatlar\u0131na v\u0259 h\u0259rbi t\u0259cav\u00fcz\u00fcn\u0259 cavab olaraq 2020-ci il sentyabr\u0131n 27-d\u0259 Az\u0259rbaycan xalq\u0131 \u0259z\u0259li torpaqlar\u0131n\u0131n i\u015f\u011faldan qurtar\u0131lmas\u0131, BMT T\u0259hl\u00fck\u0259sizlik\n\u015euras\u0131n\u0131n q\u0259tnam\u0259l\u0259rinin t\u0259l\u0259bl\u0259rinin yerin\u0259\nyetirilm\u0259si v\u0259 tarixi \u0259dal\u0259tin b\u0259rpa edilm\u0259si u\u011frunda V\u0259t\u0259n m\u00fcharib\u0259sin\u0259 qalxd\u0131.<\/p>\n\n\n\n<p>V\u0259t\u0259n m\u00fcharib\u0259sinin gedi\u015fat\u0131nda Erm\u0259nistan\u0131n G\u0259nc\u0259ni, B\u0259rd\u0259ni, dig\u0259r \u015f\u0259h\u0259r v\u0259 k\u0259ndl\u0259rimizi k\u00fctl\u0259vi m\u0259hvetm\u0259 imkanlar\u0131na malik ballistik v\u0259 reaktiv raketl\u0259rl\u0259, kasetli bombalarla h\u0259d\u0259f\u0259 almas\u0131 bir daha s\u00fcbut etdi ki, zamanla metodlar d\u0259yi\u015fs\u0259 d\u0259, m\u00fclki \u0259haliy\u0259 qar\u015f\u0131\nqanl\u0131 cinay\u0259tl\u0259r t\u00f6r\u0259tm\u0259k Erm\u0259nistan t\u0259r\u0259finin daim h\u0259yata ke\u00e7irdiyi d\u00f6vl\u0259t siyas\u0259tidir. 44 g\u00fcn s\u00fcr\u0259n d\u00f6y\u00fc\u015fl\u0259r n\u0259tic\u0259sind\u0259\nr\u0259\u015fad\u0259tli Az\u0259rbaycan Ordusu parlaq Q\u0259l\u0259b\u0259 qazanaraq do\u011fma torpaq\u00adlar\u0131m\u0131z\u0131\ni\u015f\u011faldan azad etdi.<\/p>\n\n\n\n<p>Bel\u0259likl\u0259, Az\u0259rbaycan d\u00f6vl\u0259t ba\u015f\u00e7\u0131\u00ads\u0131n\u0131n Xocal\u0131 soyq\u0131r\u0131m\u0131n\u0131n 30-cu ild\u00f6n\u00fc\u00adm\u00fcn\u00fcn ke\u00e7irilm\u0259si il\u0259 ba\u011fl\u0131 imzalad\u0131\u011f\u0131 m\u00fch\u00fcm s\u0259r\u0259ncam\u0131n \u015f\u0259rtl\u0259rind\u0259n ir\u0259li g\u0259l\u0259r\u0259k, eyni zamanda, v\u0259t\u0259nda\u015fl\u0131q v\u0259 soyda\u015fl\u0131q borcumuzun yerin\u0259 yetirilm\u0259si bax\u0131m\u0131ndan bu il \u0259vv\u0259lki ill\u0259rd\u0259n d\u0259 art\u0131q m\u00fct\u0259\u015f\u0259kkil olmal\u0131,\ns\u0259simizi d\u00fcn\u00adyaya \u00e7atd\u0131rma\u011f\u0131, h\u0259qiq\u0259tl\u0259rimizin q\u0259bul edilm\u0259sin\u0259, tarixin bu amans\u0131z q\u0259tliam\u0131na beyn\u0259lxalq siyasi-h\u00fcquqi qiym\u0259tin verilm\u0259sin\u0259 nail olmal\u0131y\u0131q.<\/p>\n\n\n\n<p>Xalq\u0131m\u0131z\nBa\u011fan\u0131s Ayr\u0131m\u0131n da, Me\u015f\u0259linin d\u0259, Qarada\u011fl\u0131n\u0131n da, A\u011fdaba\u00adn\u0131n da, Xocal\u0131n\u0131n da\n&#8230; qisas\u0131n\u0131n al\u0131nma\u00ads\u0131n\u0131 ist\u0259yirdi.&nbsp;<\/p>\n\n\n\n<p>&nbsp;&nbsp;&nbsp;&nbsp;&nbsp;&nbsp;&nbsp;&nbsp; <strong><em>V\u0259t\u0259n m\u00fcharib\u0259sind\u0259 Z\u0259f\u0259r qazand\u0131q. Bu Z\u0259f\u0259r o faci\u0259l\u0259rin a\u011fr\u0131-ac\u0131\u00adlar\u0131n\u0131\nyum\u015faltd\u0131, t\u0259s\u0259lli oldu&#8230;<\/em><\/strong><\/p>\n\n\n\n<p>Xocal\u0131 faci\u0259sind\u0259n 30 il ke\u00e7ir.\nBel\u0259 faci\u0259l\u0259r unudulmayacaq, tariximizin bir s\u0259hif\u0259si kimi h\u0259mi\u015f\u0259 an\u0131lacaq.\nAn\u0131lacaq ki, yeniyetm\u0259l\u0259r, g\u0259ncl\u0259r V\u0259t\u0259ni daha b\u00f6y\u00fck m\u0259h\u0259bb\u0259tl\u0259 sevsinl\u0259r.\nAn\u0131lacaq ki, d\u00fc\u015fm\u0259n bel\u0259 v\u0259h\u015filikd\u0259n \u00e7\u0259kinsin, Az\u0259rbaycan\u0131n d\u00f6vl\u0259t s\u0259rh\u0259dl\u0259rin\u0259\nyax\u0131n-la\u015fma\u011fa c\u0259sar\u0259t etm\u0259sin.<\/p>\n\n\n\n<p><strong><em>Xocal\u0131 faci\u0259si he\u00e7 zaman\nunudulma\u00adyacaq.<\/em><\/strong><\/p>\n\n\n\n<p><\/p>\n","protected":false},"excerpt":{"rendered":"<p>Xocal\u0131 soyq\u0131r\u0131m\u0131 yaln\u0131z Az\u0259rbaycan v\u0259 az\u0259rbaycanl\u0131lar\u0131n deyil, b\u00fct\u00fcn b\u0259\u015f\u0259riyy\u0259tin, h\u0259r bir insan\u0131n faci\u0259sidir. D\u00fcnya birliyi g\u00fcnahs\u0131z insanlar\u0131n q\u0259tlini q\u0259bul etm\u0259m\u0259li, Xocal\u0131 faci\u0259si il\u0259 ba\u011fl\u0131 \u0259dal\u0259t s\u0259sini ucaltmal\u0131d\u0131r. Az\u0259rbaycan Prezidenti \u0130lham \u018fliyevin Xocal\u0131 soyq\u0131r\u0131m\u0131n\u0131n otuzuncu ild\u00f6n\u00fc\u00adm\u00fc haqq\u0131nda imzalad\u0131\u011f\u0131 s\u0259r\u0259ncamda deyilir ki, Erm\u0259nistan\u0131n az\u0259rbaycanl\u0131lara qar\u015f\u0131 t\u00f6r\u0259tdiyi Xocal\u0131 soyq\u0131r\u0131m\u0131, el\u0259c\u0259 d\u0259 Ba\u011fan\u0131s Ayr\u0131m, Qarada\u011fl\u0131, A\u011fdaban v\u0259 Ba\u015fl\u0131bel q\u0259tliamlar\u0131 [&hellip;]<\/p>\n","protected":false},"author":4,"featured_media":8698,"comment_status":"closed","ping_status":"open","sticky":false,"template":"","format":"standard","meta":{"footnotes":""},"categories":[3],"tags":[],"class_list":["post-8696","post","type-post","status-publish","format-standard","has-post-thumbnail","hentry","category-xbrlr"],"_links":{"self":[{"href":"http:\/\/xdf.gdu.edu.az\/index.php?rest_route=\/wp\/v2\/posts\/8696","targetHints":{"allow":["GET"]}}],"collection":[{"href":"http:\/\/xdf.gdu.edu.az\/index.php?rest_route=\/wp\/v2\/posts"}],"about":[{"href":"http:\/\/xdf.gdu.edu.az\/index.php?rest_route=\/wp\/v2\/types\/post"}],"author":[{"embeddable":true,"href":"http:\/\/xdf.gdu.edu.az\/index.php?rest_route=\/wp\/v2\/users\/4"}],"replies":[{"embeddable":true,"href":"http:\/\/xdf.gdu.edu.az\/index.php?rest_route=%2Fwp%2Fv2%2Fcomments&post=8696"}],"version-history":[{"count":3,"href":"http:\/\/xdf.gdu.edu.az\/index.php?rest_route=\/wp\/v2\/posts\/8696\/revisions"}],"predecessor-version":[{"id":8704,"href":"http:\/\/xdf.gdu.edu.az\/index.php?rest_route=\/wp\/v2\/posts\/8696\/revisions\/8704"}],"wp:featuredmedia":[{"embeddable":true,"href":"http:\/\/xdf.gdu.edu.az\/index.php?rest_route=\/wp\/v2\/media\/8698"}],"wp:attachment":[{"href":"http:\/\/xdf.gdu.edu.az\/index.php?rest_route=%2Fwp%2Fv2%2Fmedia&parent=8696"}],"wp:term":[{"taxonomy":"category","embeddable":true,"href":"http:\/\/xdf.gdu.edu.az\/index.php?rest_route=%2Fwp%2Fv2%2Fcategories&post=8696"},{"taxonomy":"post_tag","embeddable":true,"href":"http:\/\/xdf.gdu.edu.az\/index.php?rest_route=%2Fwp%2Fv2%2Ftags&post=8696"}],"curies":[{"name":"wp","href":"https:\/\/api.w.org\/{rel}","templated":true}]}}