{"id":8342,"date":"2021-12-12T09:35:00","date_gmt":"2021-12-12T07:35:00","guid":{"rendered":"http:\/\/xdf.gdu.edu.az\/?p=8342"},"modified":"2021-12-14T10:41:39","modified_gmt":"2021-12-14T08:41:39","slug":"__trashed","status":"publish","type":"post","link":"http:\/\/xdf.gdu.edu.az\/?p=8342","title":{"rendered":"12 dekabr \u00fcmummilli lider Heyd\u0259r \u018fliyevin an\u0131m g\u00fcn\u00fcd\u00fcr"},"content":{"rendered":"\n<figure class=\"wp-block-image size-large is-resized\"><img loading=\"lazy\" decoding=\"async\" src=\"http:\/\/xdf.gdu.edu.az\/wp-content\/uploads\/2021\/12\/images.jpg\" alt=\"\" class=\"wp-image-8351\" width=\"316\" height=\"196\"\/><\/figure>\n\n\n\n<p>  2003-c\u00fc il dekabr\u0131n 12-d\u0259 Az\u0259rbaycan xalq\u0131n\u0131n \u00dcmummilli Lideri Heyd\u0259r \u018fliyev Amerika Birl\u0259\u015fmi\u015f \u015etatlar\u0131n\u0131n Klivlend Klinikas\u0131nda v\u0259fat etmi\u015f v\u0259 dekabr\u0131n 15-d\u0259 Bak\u0131da, F\u0259xri xiyabanda d\u0259fn olunmu\u015fdur. B\u00fct\u00fcn d\u00fcnya az\u0259rbaycanl\u0131lar\u0131n\u0131n milli iftixar\u0131 Ulu \u00d6nd\u0259r Heyd\u0259r \u018fliyev Az\u0259rbaycan xalq\u0131n\u0131n yadda\u015f\u0131nda qurucu v\u0259 xilaskar d\u00f6vl\u0259t xadimi kimi \u0259b\u0259di olaraq ya\u015fayacaqd\u0131r.  Heyd\u0259r \u018fliyev Az\u0259rbaycana r\u0259hb\u0259rlik etdiyi ill\u0259rd\u0259 uzaqg\u00f6r\u0259n daxili v\u0259 xarici siyas\u0259ti il\u0259 \u00f6lk\u0259nin n\u00fcfuzunu art\u0131rm\u0131\u015f, h\u0259rt\u0259r\u0259fli inki\u015faf\u0131na nail olmu\u015f, m\u00fcst\u0259qilliyini \u0259b\u0259di v\u0259 d\u00f6nm\u0259z etmi\u015fdir. Ki\u00e7ik bir \u00f6lk\u0259 Heyd\u0259r \u018fliyevin u\u011furlu siyas\u0259ti say\u0259sind\u0259 d\u00fcnyada tan\u0131nan n\u00fcfuzlu bir d\u00f6vl\u0259t\u0259 \u00e7evrilmi\u015fdi. 1993-c\u00fc ild\u0259 m\u00fcst\u0259qil Az\u0259rbaycan Respublikas\u0131n\u0131n Prezidenti se\u00e7il\u0259n Heyd\u0259r \u018fliyev siyas\u0259t al\u0259mind\u0259 \u00e7ox g\u00fccl\u00fc, s\u0259ri\u015ft\u0259li v\u0259 t\u0259cr\u00fcb\u0259li m\u00fcdrik d\u00f6vl\u0259t xadimi kimi q\u0131sa bir m\u00fcdd\u0259t \u0259rzind\u0259 xarici siyas\u0259t sah\u0259sind\u0259 b\u00f6y\u00fck d\u00f6n\u00fc\u015f yaratd\u0131. D\u00fcnyan\u0131n apar\u0131c\u0131 d\u00f6vl\u0259tl\u0259ri, inki\u015faf etmi\u015f \u00f6lk\u0259l\u0259ri, beyn\u0259lxalq t\u0259\u015fkilatlar Az\u0259rbaycana ciddi diqq\u0259t yetirm\u0259y\u0259 ba\u015flad\u0131lar. O, Q\u0259rb\u0259 inteqrasiya yolunu tutdu. \u018fn \u00e7\u0259tin anlarda bel\u0259 Heyd\u0259r \u018fliyev yenilm\u0259z siyasi irad\u0259 n\u00fcmayi\u015f etdirdi, milli d\u00f6vl\u0259t\u00e7iliyin, milli m\u0259nafel\u0259rin ifad\u0259\u00e7isi kimi antiaz\u0259rbaycan, antimilli q\u00fcvv\u0259l\u0259rin qar\u015f\u0131s\u0131nda sip\u0259r\u0259 \u00e7evrildi, Bak\u0131-Tbilisi-Ceyhan neft, Bak\u0131-Tbilisi-\u018frzurum qaz k\u0259m\u0259rinin \u00e7\u0259kili\u015fi m\u0259hz bu b\u00f6y\u00fck insan\u0131n q\u0259tiyy\u0259tli m\u00f6vqeyinin, uzaqg\u00f6r\u0259nliyinin n\u0259tic\u0259si kimi reall\u0131\u011fa \u00e7evrildi. <\/p>\n\n\n\n<p> Prezident \u0130lham \u018fliyevin r\u0259hb\u0259rliyi il\u0259 \u00f6lk\u0259mizd\u0259 b\u00fct\u00fcn sah\u0259l\u0259rd\u0259 apar\u0131lan u\u011furlu islahatlar, \u0259ld\u0259 olunan n\u0259tic\u0259l\u0259r xalq\u0131n sabaha olan inam\u0131n\u0131 qat-qat art\u0131rm\u0131\u015f, Heyd\u0259r \u018fliyev yolunun layiqinc\u0259 davam etdirildiyin\u0259, memar\u0131 oldu\u011fu m\u00fcst\u0259qil Az\u0259rbaycan\u0131n etibarl\u0131 \u0259ll\u0259rd\u0259 oldu\u011funa m\u00f6hk\u0259m \u0259minlik yaratm\u0131\u015fd\u0131r. Ulu \u00f6nd\u0259r Heyd\u0259r \u018fliyev siyas\u0259tinin Prezident \u0130lham \u018fliyev t\u0259r\u0259find\u0259n u\u011furla davam etdirilm\u0259sini ayd\u0131n g\u00f6r\u0259n xalq\u0131m\u0131z bu siyas\u0259ti y\u00fcks\u0259k d\u0259y\u0259rl\u0259ndirir v\u0259 onun \u0259traf\u0131nda daha s\u0131x birl\u0259\u015firl\u0259r. C\u0259nab \u0130lham \u018fliyev ulu \u00f6nd\u0259rin siyasi kursunu layiqinc\u0259 davam etdirm\u0259kl\u0259, xalq\u0131m\u0131z\u0131n v\u0259 d\u00f6vl\u0259t\u00e7iliyimizin bu kursun mahiyy\u0259tind\u0259n do\u011fan milli maraqlar\u0131n\u0131 beyn\u0259lxalq miqyasda t\u0259min edir. Heyd\u0259r \u018fliyev siyas\u0259tinin u\u011furla h\u0259yata ke\u00e7irilm\u0259si m\u00fcst\u0259qilliyimizi m\u00f6hk\u0259ml\u0259ndirir, d\u00f6vl\u0259t\u00e7iliyimizi q\u00fcdr\u0259tl\u0259ndirir v\u0259 n\u0259tic\u0259d\u0259 beyn\u0259lxalq al\u0259md\u0259 Az\u0259rbaycan Respublikas\u0131n\u0131n rolunu v\u0259 n\u00fcfuzunu art\u0131r\u0131r. <\/p>\n\n\n\n<p> <\/p>\n\n\n\n<p><\/p>\n","protected":false},"excerpt":{"rendered":"<p>2003-c\u00fc il dekabr\u0131n 12-d\u0259 Az\u0259rbaycan xalq\u0131n\u0131n \u00dcmummilli Lideri Heyd\u0259r \u018fliyev Amerika Birl\u0259\u015fmi\u015f \u015etatlar\u0131n\u0131n Klivlend Klinikas\u0131nda v\u0259fat etmi\u015f v\u0259 dekabr\u0131n 15-d\u0259 Bak\u0131da, F\u0259xri xiyabanda d\u0259fn olunmu\u015fdur. B\u00fct\u00fcn d\u00fcnya az\u0259rbaycanl\u0131lar\u0131n\u0131n milli iftixar\u0131 Ulu \u00d6nd\u0259r Heyd\u0259r \u018fliyev Az\u0259rbaycan xalq\u0131n\u0131n yadda\u015f\u0131nda qurucu v\u0259 xilaskar d\u00f6vl\u0259t xadimi kimi \u0259b\u0259di olaraq ya\u015fayacaqd\u0131r. Heyd\u0259r \u018fliyev Az\u0259rbaycana r\u0259hb\u0259rlik etdiyi ill\u0259rd\u0259 uzaqg\u00f6r\u0259n daxili v\u0259 [&hellip;]<\/p>\n","protected":false},"author":4,"featured_media":8349,"comment_status":"closed","ping_status":"open","sticky":false,"template":"","format":"standard","meta":{"footnotes":""},"categories":[1],"tags":[],"class_list":["post-8342","post","type-post","status-publish","format-standard","has-post-thumbnail","hentry","category-sas"],"_links":{"self":[{"href":"http:\/\/xdf.gdu.edu.az\/index.php?rest_route=\/wp\/v2\/posts\/8342","targetHints":{"allow":["GET"]}}],"collection":[{"href":"http:\/\/xdf.gdu.edu.az\/index.php?rest_route=\/wp\/v2\/posts"}],"about":[{"href":"http:\/\/xdf.gdu.edu.az\/index.php?rest_route=\/wp\/v2\/types\/post"}],"author":[{"embeddable":true,"href":"http:\/\/xdf.gdu.edu.az\/index.php?rest_route=\/wp\/v2\/users\/4"}],"replies":[{"embeddable":true,"href":"http:\/\/xdf.gdu.edu.az\/index.php?rest_route=%2Fwp%2Fv2%2Fcomments&post=8342"}],"version-history":[{"count":3,"href":"http:\/\/xdf.gdu.edu.az\/index.php?rest_route=\/wp\/v2\/posts\/8342\/revisions"}],"predecessor-version":[{"id":8352,"href":"http:\/\/xdf.gdu.edu.az\/index.php?rest_route=\/wp\/v2\/posts\/8342\/revisions\/8352"}],"wp:featuredmedia":[{"embeddable":true,"href":"http:\/\/xdf.gdu.edu.az\/index.php?rest_route=\/wp\/v2\/media\/8349"}],"wp:attachment":[{"href":"http:\/\/xdf.gdu.edu.az\/index.php?rest_route=%2Fwp%2Fv2%2Fmedia&parent=8342"}],"wp:term":[{"taxonomy":"category","embeddable":true,"href":"http:\/\/xdf.gdu.edu.az\/index.php?rest_route=%2Fwp%2Fv2%2Fcategories&post=8342"},{"taxonomy":"post_tag","embeddable":true,"href":"http:\/\/xdf.gdu.edu.az\/index.php?rest_route=%2Fwp%2Fv2%2Ftags&post=8342"}],"curies":[{"name":"wp","href":"https:\/\/api.w.org\/{rel}","templated":true}]}}