{"id":17753,"date":"2025-11-03T09:43:17","date_gmt":"2025-11-03T07:43:17","guid":{"rendered":"https:\/\/xdf.gdu.edu.az\/?p=17753"},"modified":"2025-11-03T09:48:06","modified_gmt":"2025-11-03T07:48:06","slug":"praktik-xarici-dill%c9%99r-kafedrasinin-ucuncu-iclasi-kecirildi","status":"publish","type":"post","link":"http:\/\/xdf.gdu.edu.az\/?p=17753","title":{"rendered":"Praktik Xarici Dill\u0259r kafedras\u0131n\u0131n \u00fc\u00e7\u00fcnc\u00fc iclas\u0131 ke\u00e7irildi"},"content":{"rendered":"\n<figure class=\"wp-block-gallery has-nested-images columns-default is-cropped wp-block-gallery-1 is-layout-flex wp-block-gallery-is-layout-flex\">\n<figure class=\"wp-block-image size-large\"><img loading=\"lazy\" decoding=\"async\" width=\"640\" height=\"480\" data-id=\"17756\" src=\"https:\/\/xdf.gdu.edu.az\/wp-content\/uploads\/2025\/11\/266e51e7-e8a9-4d65-afe5-e1be2b3f712a.jpg\" alt=\"\" class=\"wp-image-17756\" srcset=\"http:\/\/xdf.gdu.edu.az\/wp-content\/uploads\/2025\/11\/266e51e7-e8a9-4d65-afe5-e1be2b3f712a.jpg 640w, http:\/\/xdf.gdu.edu.az\/wp-content\/uploads\/2025\/11\/266e51e7-e8a9-4d65-afe5-e1be2b3f712a-480x360.jpg 480w, http:\/\/xdf.gdu.edu.az\/wp-content\/uploads\/2025\/11\/266e51e7-e8a9-4d65-afe5-e1be2b3f712a-320x240.jpg 320w, http:\/\/xdf.gdu.edu.az\/wp-content\/uploads\/2025\/11\/266e51e7-e8a9-4d65-afe5-e1be2b3f712a-240x180.jpg 240w\" sizes=\"auto, (max-width: 640px) 100vw, 640px\" \/><\/figure>\n\n\n\n<figure class=\"wp-block-image size-large\"><img loading=\"lazy\" decoding=\"async\" width=\"640\" height=\"480\" data-id=\"17757\" src=\"https:\/\/xdf.gdu.edu.az\/wp-content\/uploads\/2025\/11\/33aeebe1-203a-46a0-8539-a70fec553310.jpg\" alt=\"\" class=\"wp-image-17757\" srcset=\"http:\/\/xdf.gdu.edu.az\/wp-content\/uploads\/2025\/11\/33aeebe1-203a-46a0-8539-a70fec553310.jpg 640w, http:\/\/xdf.gdu.edu.az\/wp-content\/uploads\/2025\/11\/33aeebe1-203a-46a0-8539-a70fec553310-480x360.jpg 480w, http:\/\/xdf.gdu.edu.az\/wp-content\/uploads\/2025\/11\/33aeebe1-203a-46a0-8539-a70fec553310-320x240.jpg 320w, http:\/\/xdf.gdu.edu.az\/wp-content\/uploads\/2025\/11\/33aeebe1-203a-46a0-8539-a70fec553310-240x180.jpg 240w\" sizes=\"auto, (max-width: 640px) 100vw, 640px\" \/><\/figure>\n\n\n\n<figure class=\"wp-block-image size-large\"><img loading=\"lazy\" decoding=\"async\" width=\"640\" height=\"480\" data-id=\"17755\" src=\"https:\/\/xdf.gdu.edu.az\/wp-content\/uploads\/2025\/11\/348ee96c-a6e7-4756-9767-5f80c735e2e9.jpg\" alt=\"\" class=\"wp-image-17755\" srcset=\"http:\/\/xdf.gdu.edu.az\/wp-content\/uploads\/2025\/11\/348ee96c-a6e7-4756-9767-5f80c735e2e9.jpg 640w, http:\/\/xdf.gdu.edu.az\/wp-content\/uploads\/2025\/11\/348ee96c-a6e7-4756-9767-5f80c735e2e9-480x360.jpg 480w, http:\/\/xdf.gdu.edu.az\/wp-content\/uploads\/2025\/11\/348ee96c-a6e7-4756-9767-5f80c735e2e9-320x240.jpg 320w, http:\/\/xdf.gdu.edu.az\/wp-content\/uploads\/2025\/11\/348ee96c-a6e7-4756-9767-5f80c735e2e9-240x180.jpg 240w\" sizes=\"auto, (max-width: 640px) 100vw, 640px\" \/><\/figure>\n<\/figure>\n\n\n\n<p>\u00a0 17.10.2025-ci ild\u0259 Praktik Xarici Dill\u0259r kafedras\u0131n\u0131n \u00fc\u00e7\u00fcnc\u00fc iclas\u0131 ke\u00e7irildi. \u0130clasda kafedra \u00fczvl\u0259ri i\u015ftirak etdil\u0259r.<\/p>\n\n\n\n<p>\u00a0\u00a0\u00a0 <strong><u>G\u00dcND\u018fL\u0130K M\u018fS\u018fL\u018f:<\/u><\/strong>\u00a0<\/p>\n\n\n\n<ol class=\"wp-block-list\">\n<li>\u00d6z\u00fcn\u00fc t\u0259hlil hesabat\u0131n\u0131n 3.9.1 b\u0259ndin\u0259 cavab \u00fc\u00e7\u00fcn t\u0259hsil proqram\u0131n\u0131n d\u00f6vri qiym\u0259tl\u0259ndirm\u0259sin\u0259 dair hesabat.<\/li>\n<\/ol>\n\n\n\n<p>\u00a0\u00a0\u00a0\u0130clas\u0131n s\u0259dri kafedra m\u00fcdiri, dos. \u018fliyeva Zahir\u0259 \u00e7\u0131x\u0131\u015f\u0131nda qeyd etdi ki, g\u00fcnd\u0259liyimizin birinci m\u0259s\u0259l\u0259si \u00d6z\u00fcn\u00fc t\u0259hlil hesabat\u0131n\u0131n 3.9.1 b\u0259ndin\u0259 cavab \u00fc\u00e7\u00fcn t\u0259hsil proqram\u0131n\u0131n d\u00f6vri qiym\u0259tl\u0259ndirm\u0259sin\u0259 dair hesabat\u0131n m\u00fczakir\u0259sidir.  Daha sonra bildirdi ki, kafedran\u0131n bu hesabatda yer alan f\u0259aliyy\u0259t g\u00f6st\u0259ricil\u0259ri \u00fczr\u0259 m\u00f6vcud v\u0259ziyy\u0259tin d\u00fczg\u00fcn v\u0259 obyektiv qiym\u0259tl\u0259ndirilm\u0259si vacib hesab olunur. O, h\u0259m\u00e7inin vur\u011fulad\u0131 ki, bu m\u00fczakir\u0259l\u0259r n\u0259tic\u0259sind\u0259 formala\u015facaq t\u0259klifl\u0259r universitet r\u0259hb\u0259rliyin\u0259 t\u0259qdim edil\u0259c\u0259k v\u0259 \u00fcmumi keyfiyy\u0259t t\u0259minat\u0131 sisteminin t\u0259kmill\u0259\u015fdirilm\u0259sin\u0259 t\u00f6hf\u0259 ver\u0259c\u0259kdir.<\/p>\n\n\n\n<p><strong><u>Dosent M\u0259h\u0259rr\u0259mova Suqur\u0259 \u0130brahim q:<\/u><\/strong><strong> <\/strong>Bu m\u0259s\u0259l\u0259 il\u0259 ba\u011fl\u0131 \u00e7\u0131x\u0131\u015f ed\u0259r\u0259k hesabat\u0131n struktur b\u00f6lm\u0259l\u0259ri \u00fczr\u0259 kafedran\u0131 \u0259hat\u0259 ed\u0259n \u0259sas hiss\u0259l\u0259ri t\u0259qdim etdi v\u0259 daha \u00e7ox a\u015fa\u011f\u0131dak\u0131 istiqam\u0259tl\u0259rd\u0259 t\u0259hlil apar\u0131ld\u0131\u011f\u0131n\u0131 bildirdi.<\/p>\n\n\n\n<p>Kafedran\u0131n kadr potensial\u0131 \u2013 hesabat ilind\u0259 kafedrada \u00e7al\u0131\u015fan m\u00fc\u0259llim hey\u0259tinin statistik g\u00f6st\u0259ricil\u0259ri v\u0259 elmi d\u0259r\u0259c\u0259li \u0259m\u0259kda\u015flar\u0131n faizi m\u00fcsb\u0259t dinamika n\u00fcmayi\u015f etdirir.<\/p>\n\n\n\n<p>T\u0259dris planlar\u0131 v\u0259 kurikulumlar \u2013 f\u0259nn proqramlar\u0131n\u0131n m\u00fcasir t\u0259l\u0259bl\u0259r\u0259 uy\u011funla\u015fd\u0131r\u0131lmas\u0131, modullar\u0131n t\u0259nziml\u0259nm\u0259si v\u0259 \u0259m\u0259k bazar\u0131n\u0131n t\u0259l\u0259bl\u0259ri n\u0259z\u0259r\u0259 al\u0131nmaqla yenil\u0259nm\u0259si \u00e7ox m\u00fcsb\u0259t hald\u0131r.<\/p>\n\n\n\n<p>Maddi-texniki baza \u2013 kafedrada d\u0259f\u0259l\u0259rl\u0259 d\u0259rslikl\u0259r, avadanl\u0131qlar v\u0259 laborator m\u00fchitin t\u0259hlili apar\u0131lm\u0131\u015fd\u0131r, hesab edir\u0259m ki, bu sah\u0259d\u0259 d\u0259 m\u00fcsb\u0259t dinamika vard\u0131r.<\/p>\n\n\n\n<p>Elmi-t\u0259dqiqat f\u0259aliyy\u0259ti \u2013 m\u00fc\u0259llim hey\u0259tinin beyn\u0259lxalq indeksli elmi jurnallarda n\u0259\u015frl\u0259ri, layih\u0259l\u0259rd\u0259 i\u015ftirak\u0131 v\u0259 t\u0259l\u0259b\u0259l\u0259rl\u0259 apar\u0131lan elmi i\u015fl\u0259rin t\u0259\u015fkili, bir s\u00f6zl\u0259&nbsp; bu sah\u0259d\u0259 apar\u0131lan i\u015fl\u0259r g\u00fccl\u0259ndirilm\u0259lidir.<\/p>\n\n\n\n<p>O, qeyd etdi ki, hesabat obyektiv \u015f\u0259kild\u0259 t\u0259rtib olunub v\u0259 kafedran\u0131n son ill\u0259rd\u0259 ke\u00e7diyi inki\u015faf yolunu \u0259hat\u0259 edir.<\/p>\n\n\n\n<p><strong><u>F.f.dok. R\u00fcst\u0259mova \u0130lham\u0259 Saleh q:<\/u><\/strong> \u00c7\u0131x\u0131\u015f ed\u0259r\u0259k bildirdi ki, hesabatda yer alan elmi-t\u0259dqiqat f\u0259aliyy\u0259ti g\u00f6st\u0259ricil\u0259ri d\u0259 diqq\u0259t\u0259 layiqdir. Bildirdi ki, kafedrada kifay\u0259t q\u0259d\u0259r samball\u0131 d\u0259rs v\u0259saitl\u0259ri \u00e7ap olunub. \u018fks\u0259r hiss\u0259si respublikan\u0131n tan\u0131nm\u0131\u015f kitabxanalar\u0131na, o c\u00fcml\u0259d\u0259n Prezident kitabxanas\u0131na yerl\u0259\u015fdirilib. Professor-m\u00fc\u0259llim hey\u0259tinin elmi n\u0259\u015frl\u0259rinin say\u0131 art\u0131b, b\u00fct\u00fcn f\u0259nn proqramlar\u0131 m\u00fcasir \u015f\u0259kild\u0259 yenil\u0259nib, lakin beyn\u0259lxalq bazalarda indeksl\u0259\u015f\u0259n jurnallarda d\u0259rc olunan m\u0259qal\u0259l\u0259rin say\u0131n\u0131 art\u0131rmaq \u00fc\u00e7\u00fcn sistemli d\u0259st\u0259y\u0259 ehtiyac vard\u0131r.&nbsp; O, h\u0259m\u00e7inin vur\u011fulad\u0131 ki, t\u0259l\u0259b\u0259l\u0259rin elmi f\u0259aliyy\u0259t\u0259 daha geni\u015f c\u0259lb olunmas\u0131 \u00fc\u00e7\u00fcn elmi seminarlar\u0131n v\u0259 layih\u0259 \u0259sasl\u0131 d\u0259rsl\u0259rin t\u0259\u015fkili art\u0131r\u0131lmal\u0131d\u0131r.<\/p>\n\n\n\n<p><strong><u>F.f.dok. H\u0259s\u0259nova T\u00fcrkan \u0130lqar q\u0131z\u0131: <\/u><\/strong>\u00e7\u0131x\u0131\u015f ed\u0259r\u0259k bildirdi ki, kafedrada son ill\u0259rd\u0259 t\u0259tbiq edil\u0259n interaktiv t\u0259lim metodlar\u0131, o c\u00fcml\u0259d\u0259n r\u0259q\u0259msal resurslardan istifad\u0259 sah\u0259sind\u0259 ir\u0259lil\u0259yi\u015fl\u0259ri m\u00fcsb\u0259t qiym\u0259tl\u0259ndirir\u0259m. \u00d6z\u00fcn\u00fct\u0259hlil hesabat\u0131nda t\u0259l\u0259b\u0259 m\u0259mnuniyy\u0259ti, t\u0259lim keyfiyy\u0259ti v\u0259 m\u00fc\u0259lliml\u0259rin pedaqoji bacar\u0131qlar\u0131n\u0131n art\u0131r\u0131lmas\u0131, el\u0259c\u0259 d\u0259 dig\u0259r sah\u0259l\u0259rl\u0259 ba\u011fl\u0131 veril\u0259n m\u0259lumatlar\u0131n tam reall\u0131\u011f\u0131 \u0259ks etdirdiyini bildirir\u0259m.<\/p>\n\n\n\n<p>Kafedra \u00fczvl\u0259ri\u00a0 \u00d6z\u00fcn\u00fc t\u0259hlil hesabat\u0131n\u0131n 3.9.1 b\u0259ndin\u0259 cavab \u00fc\u00e7\u00fcn t\u0259hsil proqram\u0131n\u0131n d\u00f6vri qiym\u0259tl\u0259ndirm\u0259sin\u0259 dair hesabat\u0131n m\u00fczakir\u0259sini s\u0259s\u0259 qoydular v\u0259 yekdillikl\u0259 q\u0259bul etdil\u0259r.<\/p>\n","protected":false},"excerpt":{"rendered":"<p>\u00a0 17.10.2025-ci ild\u0259 Praktik Xarici Dill\u0259r kafedras\u0131n\u0131n \u00fc\u00e7\u00fcnc\u00fc iclas\u0131 ke\u00e7irildi. \u0130clasda kafedra \u00fczvl\u0259ri i\u015ftirak etdil\u0259r. \u00a0\u00a0\u00a0 G\u00dcND\u018fL\u0130K M\u018fS\u018fL\u018f:\u00a0 \u00a0\u00a0\u00a0\u0130clas\u0131n s\u0259dri kafedra m\u00fcdiri, dos. \u018fliyeva Zahir\u0259 \u00e7\u0131x\u0131\u015f\u0131nda qeyd etdi ki, g\u00fcnd\u0259liyimizin birinci m\u0259s\u0259l\u0259si \u00d6z\u00fcn\u00fc t\u0259hlil hesabat\u0131n\u0131n 3.9.1 b\u0259ndin\u0259 cavab \u00fc\u00e7\u00fcn t\u0259hsil proqram\u0131n\u0131n d\u00f6vri qiym\u0259tl\u0259ndirm\u0259sin\u0259 dair hesabat\u0131n m\u00fczakir\u0259sidir. Daha sonra bildirdi ki, kafedran\u0131n bu hesabatda yer alan [&hellip;]<\/p>\n","protected":false},"author":4,"featured_media":17756,"comment_status":"closed","ping_status":"open","sticky":false,"template":"","format":"standard","meta":{"footnotes":""},"categories":[1],"tags":[],"class_list":["post-17753","post","type-post","status-publish","format-standard","has-post-thumbnail","hentry","category-sas"],"_links":{"self":[{"href":"http:\/\/xdf.gdu.edu.az\/index.php?rest_route=\/wp\/v2\/posts\/17753","targetHints":{"allow":["GET"]}}],"collection":[{"href":"http:\/\/xdf.gdu.edu.az\/index.php?rest_route=\/wp\/v2\/posts"}],"about":[{"href":"http:\/\/xdf.gdu.edu.az\/index.php?rest_route=\/wp\/v2\/types\/post"}],"author":[{"embeddable":true,"href":"http:\/\/xdf.gdu.edu.az\/index.php?rest_route=\/wp\/v2\/users\/4"}],"replies":[{"embeddable":true,"href":"http:\/\/xdf.gdu.edu.az\/index.php?rest_route=%2Fwp%2Fv2%2Fcomments&post=17753"}],"version-history":[{"count":2,"href":"http:\/\/xdf.gdu.edu.az\/index.php?rest_route=\/wp\/v2\/posts\/17753\/revisions"}],"predecessor-version":[{"id":17758,"href":"http:\/\/xdf.gdu.edu.az\/index.php?rest_route=\/wp\/v2\/posts\/17753\/revisions\/17758"}],"wp:featuredmedia":[{"embeddable":true,"href":"http:\/\/xdf.gdu.edu.az\/index.php?rest_route=\/wp\/v2\/media\/17756"}],"wp:attachment":[{"href":"http:\/\/xdf.gdu.edu.az\/index.php?rest_route=%2Fwp%2Fv2%2Fmedia&parent=17753"}],"wp:term":[{"taxonomy":"category","embeddable":true,"href":"http:\/\/xdf.gdu.edu.az\/index.php?rest_route=%2Fwp%2Fv2%2Fcategories&post=17753"},{"taxonomy":"post_tag","embeddable":true,"href":"http:\/\/xdf.gdu.edu.az\/index.php?rest_route=%2Fwp%2Fv2%2Ftags&post=17753"}],"curies":[{"name":"wp","href":"https:\/\/api.w.org\/{rel}","templated":true}]}}