{"id":17221,"date":"2025-06-15T08:36:00","date_gmt":"2025-06-15T06:36:00","guid":{"rendered":"https:\/\/xdf.gdu.edu.az\/?p=17221"},"modified":"2025-06-17T08:39:42","modified_gmt":"2025-06-17T06:39:42","slug":"15-iyun-az%c9%99rbaycanda-milli-qurtulus-gunudur","status":"publish","type":"post","link":"http:\/\/xdf.gdu.edu.az\/?p=17221","title":{"rendered":"15 \u0130yun &#8211; Az\u0259rbaycanda Milli Qurtulu\u015f g\u00fcn\u00fcd\u00fcr"},"content":{"rendered":"\n<figure class=\"wp-block-gallery has-nested-images columns-default is-cropped wp-block-gallery-1 is-layout-flex wp-block-gallery-is-layout-flex\">\n<figure class=\"wp-block-image size-large\"><img loading=\"lazy\" decoding=\"async\" width=\"960\" height=\"595\" data-id=\"17222\" src=\"https:\/\/xdf.gdu.edu.az\/wp-content\/uploads\/2025\/06\/4e3118d737a19b82fe8924c754ac2024.jpg\" alt=\"\" class=\"wp-image-17222\" srcset=\"http:\/\/xdf.gdu.edu.az\/wp-content\/uploads\/2025\/06\/4e3118d737a19b82fe8924c754ac2024.jpg 960w, http:\/\/xdf.gdu.edu.az\/wp-content\/uploads\/2025\/06\/4e3118d737a19b82fe8924c754ac2024-768x476.jpg 768w\" sizes=\"auto, (max-width: 960px) 100vw, 960px\" \/><\/figure>\n<\/figure>\n\n\n\n<p>15 \u0130yun Milli Qurtulu\u015f G\u00fcn\u00fc Az\u0259rbaycan\u0131n m\u00fcasir tarixin\u0259 q\u0131z\u0131l h\u0259rfl\u0259rl\u0259 yaz\u0131lm\u0131\u015f hadis\u0259dir. H\u0259min g\u00fcn \u00dcmummilli Liderimiz Heyd\u0259r \u018fliyevin hakimiyy\u0259t\u0259 qay\u0131d\u0131\u015f\u0131 il\u0259 Az\u0259rbaycanda o zaman h\u00f6km s\u00fcr\u0259n d\u0259rin ictimai-siyasi b\u00f6hrana son qoyulub, Az\u0259rbaycan\u0131n m\u00fcst\u0259qilliyinin itirilm\u0259si t\u0259hl\u00fck\u0259si aradan qald\u0131r\u0131l\u0131b v\u0259 respublikam\u0131zda d\u00f6vl\u0259t quruculu\u011funun, sosial-iqtisadi inki\u015faf\u0131n\u0131n t\u0259m\u0259li qoyulub.<br>1993-c\u00fc ilin iyununda \u00f6lk\u0259d\u0259 yaranm\u0131\u015f m\u00fcr\u0259kk\u0259b ictimai-siyasi durum Az\u0259rbaycanda real v\u0259t\u0259nda\u015f m\u00fcharib\u0259si t\u0259hl\u00fck\u0259si yarad\u0131b.<br>V\u0259t\u0259nda\u015f m\u00fcharib\u0259si \u00fc\u00e7\u00fcn ciddi z\u0259min yarand\u0131\u011f\u0131 v\u0259ziyy\u0259td\u0259 t\u0259hl\u00fck\u0259li prosesl\u0259rin qar\u015f\u0131s\u0131n\u0131 ala bilm\u0259diyini d\u0259rk ed\u0259n AXC-M\u00fcsavat iqtidar\u0131 son anda k\u00f6m\u0259k \u00fc\u00e7\u00fcn Ulu \u00d6nd\u0259r Heyd\u0259r \u018fliyev\u0259 m\u00fcraci\u0259t edib. Nax\u00e7\u0131van MR Ali M\u0259clisinin s\u0259dri olan g\u00f6rk\u0259mli ictimai-siyasi xadim Ulu \u00d6nd\u0259r Heyd\u0259r \u018fliyev xalq\u0131n v\u0259 respublikan\u0131n hakim dair\u0259l\u0259rinin t\u0259kidli d\u0259v\u0259tini q\u0259bul edib, iyunun 9-da Bak\u0131ya g\u0259lib. \u00d6lk\u0259ni v\u0259t\u0259nda\u015f m\u00fcharib\u0259si t\u0259hl\u00fck\u0259sind\u0259n qurtarmaq missiyas\u0131n\u0131 \u00fcz\u0259rin\u0259 g\u00f6t\u00fcr\u0259n\u00a0 Heyd\u0259r \u018fliyev h\u0259yat\u0131n\u0131 t\u0259hl\u00fck\u0259 alt\u0131nda qoyaraq G\u0259nc\u0259y\u0259 gedib v\u0259 apard\u0131\u011f\u0131 dan\u0131\u015f\u0131qlar n\u0259tic\u0259sind\u0259 v\u0259t\u0259nda\u015f qar\u015f\u0131durmas\u0131n\u0131n geni\u015fl\u0259nm\u0259sinin qar\u015f\u0131s\u0131n\u0131 al\u0131b.<br>1993-c\u00fc il iyunun 15-d\u0259 Ulu \u00d6nd\u0259r Heyd\u0259r \u018fliyev Az\u0259rbaycan Respublikas\u0131 Ali Sovetinin s\u0259dri se\u00e7ilib, bununla da, Az\u0259rbaycan\u0131n \u0259n yeni tarixind\u0259 n\u00f6vb\u0259ti v\u0259 bu g\u00fcn\u0259 q\u0259d\u0259r davam ed\u0259n u\u011furlu m\u0259rh\u0259l\u0259 ba\u015flay\u0131b. &nbsp;&nbsp;Bug\u00fcnk\u00fc Az\u0259rbaycan Heyd\u0259r \u018fliyevin g\u00f6rm\u0259k ist\u0259diyi azad, m\u00fcst\u0259qil, \u0259razi b\u00fct\u00f6vl\u00fcy\u00fc t\u0259min olunmu\u015f Az\u0259rbaycand\u0131r. &nbsp;<\/p>\n\n\n\n<p>&nbsp;&nbsp;&nbsp; \u00d6lk\u0259 ba\u015f\u00e7\u0131s\u0131 C\u0259nab \u0130lham \u018fliyevin Ulu \u00d6nd\u0259rin siyasi kursunu u\u011furla davam etdirm\u0259si v\u0259 z\u0259nginl\u0259\u015fdirm\u0259si say\u0259sind\u0259 Az\u0259rbaycan d\u00fcnyan\u0131n dinamik inki\u015faf ed\u0259n, modernl\u0259\u015f\u0259n, beyn\u0259lxalq miqyasda n\u00fcfuzu g\u00fcnd\u0259n-g\u00fcn\u0259 artan d\u00f6vl\u0259tin\u0259 \u00e7evrilib.&nbsp;&nbsp;&nbsp;15 iyun Az\u0259rbaycan\u0131n tarixin\u0259 Milli Qurtulu\u015f g\u00fcn\u00fc kimi d\u00fc\u015f\u00fcb.<br>15 iyun tarixi 1998-ci ild\u0259n d\u00f6vl\u0259t s\u0259viyy\u0259sind\u0259 bayram kimi qeyd olunur.<\/p>\n","protected":false},"excerpt":{"rendered":"<p>15 \u0130yun Milli Qurtulu\u015f G\u00fcn\u00fc Az\u0259rbaycan\u0131n m\u00fcasir tarixin\u0259 q\u0131z\u0131l h\u0259rfl\u0259rl\u0259 yaz\u0131lm\u0131\u015f hadis\u0259dir. H\u0259min g\u00fcn \u00dcmummilli Liderimiz Heyd\u0259r \u018fliyevin hakimiyy\u0259t\u0259 qay\u0131d\u0131\u015f\u0131 il\u0259 Az\u0259rbaycanda o zaman h\u00f6km s\u00fcr\u0259n d\u0259rin ictimai-siyasi b\u00f6hrana son qoyulub, Az\u0259rbaycan\u0131n m\u00fcst\u0259qilliyinin itirilm\u0259si t\u0259hl\u00fck\u0259si aradan qald\u0131r\u0131l\u0131b v\u0259 respublikam\u0131zda d\u00f6vl\u0259t quruculu\u011funun, sosial-iqtisadi inki\u015faf\u0131n\u0131n t\u0259m\u0259li qoyulub.1993-c\u00fc ilin iyununda \u00f6lk\u0259d\u0259 yaranm\u0131\u015f m\u00fcr\u0259kk\u0259b ictimai-siyasi durum Az\u0259rbaycanda real v\u0259t\u0259nda\u015f [&hellip;]<\/p>\n","protected":false},"author":4,"featured_media":17222,"comment_status":"closed","ping_status":"open","sticky":false,"template":"","format":"standard","meta":{"footnotes":""},"categories":[1,3],"tags":[],"class_list":["post-17221","post","type-post","status-publish","format-standard","has-post-thumbnail","hentry","category-sas","category-xbrlr"],"_links":{"self":[{"href":"http:\/\/xdf.gdu.edu.az\/index.php?rest_route=\/wp\/v2\/posts\/17221","targetHints":{"allow":["GET"]}}],"collection":[{"href":"http:\/\/xdf.gdu.edu.az\/index.php?rest_route=\/wp\/v2\/posts"}],"about":[{"href":"http:\/\/xdf.gdu.edu.az\/index.php?rest_route=\/wp\/v2\/types\/post"}],"author":[{"embeddable":true,"href":"http:\/\/xdf.gdu.edu.az\/index.php?rest_route=\/wp\/v2\/users\/4"}],"replies":[{"embeddable":true,"href":"http:\/\/xdf.gdu.edu.az\/index.php?rest_route=%2Fwp%2Fv2%2Fcomments&post=17221"}],"version-history":[{"count":2,"href":"http:\/\/xdf.gdu.edu.az\/index.php?rest_route=\/wp\/v2\/posts\/17221\/revisions"}],"predecessor-version":[{"id":17224,"href":"http:\/\/xdf.gdu.edu.az\/index.php?rest_route=\/wp\/v2\/posts\/17221\/revisions\/17224"}],"wp:featuredmedia":[{"embeddable":true,"href":"http:\/\/xdf.gdu.edu.az\/index.php?rest_route=\/wp\/v2\/media\/17222"}],"wp:attachment":[{"href":"http:\/\/xdf.gdu.edu.az\/index.php?rest_route=%2Fwp%2Fv2%2Fmedia&parent=17221"}],"wp:term":[{"taxonomy":"category","embeddable":true,"href":"http:\/\/xdf.gdu.edu.az\/index.php?rest_route=%2Fwp%2Fv2%2Fcategories&post=17221"},{"taxonomy":"post_tag","embeddable":true,"href":"http:\/\/xdf.gdu.edu.az\/index.php?rest_route=%2Fwp%2Fv2%2Ftags&post=17221"}],"curies":[{"name":"wp","href":"https:\/\/api.w.org\/{rel}","templated":true}]}}