{"id":10454,"date":"2022-12-12T07:49:02","date_gmt":"2022-12-12T05:49:02","guid":{"rendered":"http:\/\/xdf.gdu.edu.az\/?p=10454"},"modified":"2022-12-12T07:53:19","modified_gmt":"2022-12-12T05:53:19","slug":"umummilli-lider-heyd%c9%99r-%c9%99liyev-az%c9%99rbaycan-xalqinin-yaddasinda-qurucu-v%c9%99-xilaskar-dovl%c9%99t-xadimi-kimi-%c9%99b%c9%99di-olaraq-yasayacaqdir","status":"publish","type":"post","link":"http:\/\/xdf.gdu.edu.az\/?p=10454","title":{"rendered":"\u00dcmummilli Lider Heyd\u0259r \u018fliyev Az\u0259rbaycan xalq\u0131n\u0131n yadda\u015f\u0131nda qurucu v\u0259 xilaskar d\u00f6vl\u0259t xadimi kimi \u0259b\u0259di olaraq ya\u015fayacaqd\u0131r."},"content":{"rendered":"\n<figure class=\"wp-block-image size-large\"><img loading=\"lazy\" decoding=\"async\" width=\"800\" height=\"524\" src=\"http:\/\/xdf.gdu.edu.az\/wp-content\/uploads\/2022\/12\/flag-of-azerbaijan-9jpg-1651871247.jpg\" alt=\"\" class=\"wp-image-10460\" srcset=\"http:\/\/xdf.gdu.edu.az\/wp-content\/uploads\/2022\/12\/flag-of-azerbaijan-9jpg-1651871247.jpg 800w, http:\/\/xdf.gdu.edu.az\/wp-content\/uploads\/2022\/12\/flag-of-azerbaijan-9jpg-1651871247-768x503.jpg 768w\" sizes=\"auto, (max-width: 800px) 100vw, 800px\" \/><\/figure>\n\n\n\n<figure class=\"wp-block-gallery columns-2 is-cropped wp-block-gallery-1 is-layout-flex wp-block-gallery-is-layout-flex\"><ul class=\"blocks-gallery-grid\"><li class=\"blocks-gallery-item\"><figure><img loading=\"lazy\" decoding=\"async\" width=\"302\" height=\"167\" src=\"http:\/\/xdf.gdu.edu.az\/wp-content\/uploads\/2022\/12\/\u0411\u0435\u0437-\u043d\u0430\u0437\u0432\u0430\u043d\u0438\u044f.jpg\" alt=\"\" data-id=\"10458\" data-full-url=\"http:\/\/xdf.gdu.edu.az\/wp-content\/uploads\/2022\/12\/\u0411\u0435\u0437-\u043d\u0430\u0437\u0432\u0430\u043d\u0438\u044f.jpg\" data-link=\"http:\/\/xdf.gdu.edu.az\/?attachment_id=10458#main\" class=\"wp-image-10458\"\/><\/figure><\/li><li class=\"blocks-gallery-item\"><figure><img loading=\"lazy\" decoding=\"async\" width=\"275\" height=\"183\" src=\"http:\/\/xdf.gdu.edu.az\/wp-content\/uploads\/2022\/12\/images-1.jpg\" alt=\"\" data-id=\"10456\" data-full-url=\"http:\/\/xdf.gdu.edu.az\/wp-content\/uploads\/2022\/12\/images-1.jpg\" data-link=\"http:\/\/xdf.gdu.edu.az\/?attachment_id=10456#main\" class=\"wp-image-10456\" srcset=\"http:\/\/xdf.gdu.edu.az\/wp-content\/uploads\/2022\/12\/images-1.jpg 275w, http:\/\/xdf.gdu.edu.az\/wp-content\/uploads\/2022\/12\/images-1-240x160.jpg 240w\" sizes=\"auto, (max-width: 275px) 100vw, 275px\" \/><\/figure><\/li><\/ul><\/figure>\n\n\n\n<p>M\u00fcst\u0259qilliyimizin on ili &#8211; 1993-2003-c\u00fc ill\u0259r \u0259rzind\u0259 dahi Heyd\u0259r \u018fliyev \u201csiyas\u0259t m\u00fcmk\u00fcn olan\u0131 etm\u0259k deyil, m\u00fcmk\u00fcns\u00fcz\u00fc bacarmaq s\u0259n\u0259tidir\u201d m\u0259\u015fhur k\u0259lamda s\u00f6yl\u0259nildiyi kimi, d\u00fc\u015f\u00fcn\u00fclm\u00fc\u015f v\u0259 uzaqg\u00f6r\u0259n siyas\u0259ti say\u0259sind\u0259 Az\u0259rbaycan \u00fc\u00e7\u00fcn, xalq\u0131m\u0131z \u00fc\u00e7\u00fcn m\u00fcmk\u00fcns\u00fcz g\u00f6r\u00fcn\u0259n h\u0259r \u015feyin \u00f6hd\u0259sind\u0259n u\u011furla g\u0259ldi, \u00f6lk\u0259mizin m\u00fcst\u0259qilliyini d\u00f6nm\u0259z, \u0259b\u0259di v\u0259 daimi etdi, Az\u0259rbaycan demokratik h\u00fcquqi d\u00f6vl\u0259t quruculu\u011fu yolu il\u0259 \u0259zml\u0259 ir\u0259lil\u0259di v\u0259 g\u0259l\u0259c\u0259k inki\u015faf\u0131n strateji h\u0259d\u0259fl\u0259rini m\u00fc\u0259yy\u0259n etdi. O inki\u015faf ki, sonrak\u0131 ill\u0259rd\u0259 m\u00fcst\u0259qil Az\u0259rbaycan\u0131n daha da q\u00fcdr\u0259tl\u0259nm\u0259si v\u0259 t\u0259r\u0259qqisi \u00fc\u00e7\u00fcn m\u00f6hk\u0259m t\u0259m\u0259l v\u0259 potensial rolunu oynad\u0131.<\/p>\n\n\n\n<p>\u00dcmummilli Lider h\u0259m d\u0259 Az\u0259rbaycan tarixind\u0259 \u0259n g\u00f6rk\u0259mli d\u00f6vl\u0259t xadimi kimi \u0259b\u0259di bir milli s\u0259rv\u0259t &#8211; Heyd\u0259r \u018fliyev d\u00f6vl\u0259t\u00e7ilik m\u0259kt\u0259bini yaratd\u0131. Ulu \u00d6nd\u0259rin 2003-c\u00fc ild\u0259 tarixi m\u00fcraci\u0259tind\u0259 xalqa m\u00fc\u0259yy\u0259nl\u0259\u015fdirdiyi siyas\u0259ti davam etdir\u0259 bil\u0259c\u0259k d\u0259qiq \u00fcnvan\u0131 g\u00f6st\u0259rdi: &#8220;\u0130nan\u0131ram ki, m\u0259nim ax\u0131ra \u00e7atd\u0131ra bilm\u0259diyim taley\u00fckl\u00fc m\u0259s\u0259l\u0259l\u0259ri, planlar\u0131, i\u015fl\u0259ri sizin k\u00f6m\u0259yiniz v\u0259 d\u0259st\u0259yinizl\u0259 \u0130lham \u018fliyev ba\u015fa \u00e7atd\u0131ra bil\u0259c\u0259k. M\u0259n ona \u00f6z\u00fcm q\u0259d\u0259r inan\u0131ram v\u0259 g\u0259l\u0259c\u0259yin\u0259 b\u00f6y\u00fck \u00fcmidl\u0259r b\u0259sl\u0259yir\u0259m&#8221;. Zaman Heyd\u0259r \u018fliyevin bu inam\u0131n\u0131 t\u0259sdiq edir v\u0259 \u00dcmummilli Liderin layiqli davam\u00e7\u0131s\u0131 m\u00f6ht\u0259r\u0259m Prezidentimiz c\u0259nab \u0130lham \u018fliyev Az\u0259rbaycana bacar\u0131qla r\u0259hb\u0259rlik edir, \u00f6z praqmatik v\u0259 m\u00fcdrik siyas\u0259ti il\u0259 \u00f6lk\u0259mizi ir\u0259li apar\u0131r. D\u00f6vl\u0259tin s\u00fckan\u0131n\u0131n etibarl\u0131 \u0259ll\u0259rd\u0259 oldu\u011funu g\u00f6r\u0259n xalq \u00f6z Prezidentin\u0259 daim d\u0259st\u0259k verir v\u0259 onun arxas\u0131nca inamla gedir. <\/p>\n\n\n\n<p>Az\u0259rbaycan xalq\u0131 xo\u015fb\u0259xtdir ki, onun Heyd\u0259r \u018fliyev kimi Ulu \u00d6nd\u0259ri, d\u00fcnyan\u0131n h\u00f6rm\u0259tl\u0259 yana\u015fd\u0131\u011f\u0131 v\u0259 q\u0259bul etdiyi \u00fcmummilli lideri var. V\u0259 bu g\u00fcn h\u0259r birimiz d\u0259rk edirik ki, m\u00fcst\u0259qil Az\u0259rbaycan d\u00f6vl\u0259ti b\u00fct\u00fcn h\u0259yat\u0131 v\u0259 f\u0259aliyy\u0259ti tariximiz\u0259 q\u0131z\u0131l h\u0259rfl\u0259rl\u0259 h\u0259kk olunmu\u015f Heyd\u0259r \u018fliyevin \u015fah \u0259s\u0259ridir. \u015e\u00fcbh\u0259 yoxdur ki, xalq\u0131m\u0131z onun m\u00fc\u0259llifini \u00f6z\u00fcn\u00fcn tarixind\u0259 v\u0259 q\u0259lbind\u0259 \u0259b\u0259di ya\u015fadacaq, Az\u0259rbaycan v\u0259 Heyd\u0259r \u018fliyevin ad\u0131 \u0259srl\u0259r boyu b\u00fct\u00fcn d\u00fcnyada qo\u015fa s\u0259sl\u0259n\u0259c\u0259kdir.<\/p>\n\n\n\n<p>Az\u0259rbaycan xalq\u0131 Ulu \u00d6nd\u0259rin siyasi kursunu davam etdirm\u0259kl\u0259 m\u00f6ht\u0259r\u0259m Prezidentimiz c\u0259nab \u0130lham \u018fliyevin r\u0259hb\u0259rliyi il\u0259 bundan sonra da \u00f6z tarixinin yeni, \u015fanl\u0131 s\u0259hif\u0259l\u0259rini yazacaq, daha y\u00fcks\u0259k zirv\u0259l\u0259r f\u0259th ed\u0259c\u0259kdir.<br><\/p>\n","protected":false},"excerpt":{"rendered":"<p>M\u00fcst\u0259qilliyimizin on ili &#8211; 1993-2003-c\u00fc ill\u0259r \u0259rzind\u0259 dahi Heyd\u0259r \u018fliyev \u201csiyas\u0259t m\u00fcmk\u00fcn olan\u0131 etm\u0259k deyil, m\u00fcmk\u00fcns\u00fcz\u00fc bacarmaq s\u0259n\u0259tidir\u201d m\u0259\u015fhur k\u0259lamda s\u00f6yl\u0259nildiyi kimi, d\u00fc\u015f\u00fcn\u00fclm\u00fc\u015f v\u0259 uzaqg\u00f6r\u0259n siyas\u0259ti say\u0259sind\u0259 Az\u0259rbaycan \u00fc\u00e7\u00fcn, xalq\u0131m\u0131z \u00fc\u00e7\u00fcn m\u00fcmk\u00fcns\u00fcz g\u00f6r\u00fcn\u0259n h\u0259r \u015feyin \u00f6hd\u0259sind\u0259n u\u011furla g\u0259ldi, \u00f6lk\u0259mizin m\u00fcst\u0259qilliyini d\u00f6nm\u0259z, \u0259b\u0259di v\u0259 daimi etdi, Az\u0259rbaycan demokratik h\u00fcquqi d\u00f6vl\u0259t quruculu\u011fu yolu il\u0259 \u0259zml\u0259 ir\u0259lil\u0259di v\u0259 [&hellip;]<\/p>\n","protected":false},"author":4,"featured_media":10458,"comment_status":"closed","ping_status":"open","sticky":false,"template":"","format":"standard","meta":{"footnotes":""},"categories":[1,3],"tags":[],"class_list":["post-10454","post","type-post","status-publish","format-standard","has-post-thumbnail","hentry","category-sas","category-xbrlr"],"_links":{"self":[{"href":"http:\/\/xdf.gdu.edu.az\/index.php?rest_route=\/wp\/v2\/posts\/10454","targetHints":{"allow":["GET"]}}],"collection":[{"href":"http:\/\/xdf.gdu.edu.az\/index.php?rest_route=\/wp\/v2\/posts"}],"about":[{"href":"http:\/\/xdf.gdu.edu.az\/index.php?rest_route=\/wp\/v2\/types\/post"}],"author":[{"embeddable":true,"href":"http:\/\/xdf.gdu.edu.az\/index.php?rest_route=\/wp\/v2\/users\/4"}],"replies":[{"embeddable":true,"href":"http:\/\/xdf.gdu.edu.az\/index.php?rest_route=%2Fwp%2Fv2%2Fcomments&post=10454"}],"version-history":[{"count":4,"href":"http:\/\/xdf.gdu.edu.az\/index.php?rest_route=\/wp\/v2\/posts\/10454\/revisions"}],"predecessor-version":[{"id":10462,"href":"http:\/\/xdf.gdu.edu.az\/index.php?rest_route=\/wp\/v2\/posts\/10454\/revisions\/10462"}],"wp:featuredmedia":[{"embeddable":true,"href":"http:\/\/xdf.gdu.edu.az\/index.php?rest_route=\/wp\/v2\/media\/10458"}],"wp:attachment":[{"href":"http:\/\/xdf.gdu.edu.az\/index.php?rest_route=%2Fwp%2Fv2%2Fmedia&parent=10454"}],"wp:term":[{"taxonomy":"category","embeddable":true,"href":"http:\/\/xdf.gdu.edu.az\/index.php?rest_route=%2Fwp%2Fv2%2Fcategories&post=10454"},{"taxonomy":"post_tag","embeddable":true,"href":"http:\/\/xdf.gdu.edu.az\/index.php?rest_route=%2Fwp%2Fv2%2Ftags&post=10454"}],"curies":[{"name":"wp","href":"https:\/\/api.w.org\/{rel}","templated":true}]}}